{"id":8641,"date":"2018-11-28T17:02:57","date_gmt":"2018-11-28T19:02:57","guid":{"rendered":"https:\/\/comunique-se.com.br\/blog\/?p=8641"},"modified":"2019-07-02T17:03:21","modified_gmt":"2019-07-02T20:03:21","slug":"quatro-tecnicas-de-oratoria-para-comunicadores","status":"publish","type":"post","link":"https:\/\/comunique-se.com.br\/blog\/quatro-tecnicas-de-oratoria-para-comunicadores\/","title":{"rendered":"QUATRO T\u00c9CNICAS DE ORAT\u00d3RIA PARA COMUNICADORES"},"content":{"rendered":"\n<p>O profissional de comunica\u00e7\u00e3o n\u00e3o se vende como deveria. Ele executa as atividades e se esquece de mostrar para a empresa a import\u00e2ncia do que entrega. \u00c9 um mau h\u00e1bito e talvez at\u00e9 uma quest\u00e3o de mindset.<\/p>\n\n\n\n<p>Quem faz essa avalia\u00e7\u00e3o \u00e9 Renato Avanzi, fundador da&nbsp;<a href=\"https:\/\/widoox.com.br\/\" target=\"_blank\" rel=\"noreferrer noopener\">Widoox<\/a>, empresa de treinamentos de comunica\u00e7\u00e3o corporativa que em entre suas expertise t\u00e9cnicas de apresenta\u00e7\u00e3o e orat\u00f3ria.<\/p>\n\n\n\n<p>Na edi\u00e7\u00e3o #71 do Podcast-se, que voc\u00ea ouve abaixo, Renato Avanzi listou os quatro pontos da orat\u00f3ria.<\/p>\n\n\n\n<figure><iframe loading=\"lazy\" src=\"https:\/\/widget.spreaker.com\/player?episode_id=16329879&amp;theme=light&amp;playlist=false&amp;playlist-continuous=false&amp;autoplay=false&amp;live-autoplay=false&amp;chapters-image=false&amp;episode_image_position=right&amp;hide-logo=true&amp;hide-likes=true&amp;hide-comments=true&amp;hide-sharing=false\" width=\"100%\" height=\"150\"><\/iframe><\/figure>\n\n\n\n<p>S\u00e3o esses quatro pontos que mais requerem a aten\u00e7\u00e3o de quem faz apresenta\u00e7\u00f5es, seja em palestras, apresenta\u00e7\u00f5es internas, pitch de vendas ou qualquer outra situa\u00e7\u00e3o em que se fale em p\u00fablico.<\/p>\n\n\n\n<p><strong>#1 Controle emocional<\/strong><\/p>\n\n\n\n<p>Se voc\u00ea n\u00e3o controlar o lado emocional, n\u00e3o vai se lembrar das demais t\u00e9cnicas. Por isso, este \u00e9 o ponto n\u00famero 1. Uma t\u00e9cnica simples, explica Renato Avanzi, \u00e9 a de respira\u00e7\u00e3o controlada. Inspire com o diafragma por seis segundos, segure o ar por mais seis e expire por outros seis segundos. Isso ajuda a controlar o metabolismo e a manter a calma.<\/p>\n\n\n\n<p><strong>#2 Objetivo<\/strong><\/p>\n\n\n\n<p>O segundo ponto importante \u00e9 saber claramente o que voc\u00ea espera como resultado da apresenta\u00e7\u00e3o. \u00c9 responder para si mesmo a uma pergunta b\u00e1sica: \u201cpara que estou apresentando isto?\u201d.<\/p>\n\n\n\n<p>Numa reuni\u00e3o interna, por exemplo, o objetivo pode ser conquistar a aprova\u00e7\u00e3o da diretoria para um projeto. Se, no entanto, a apresenta\u00e7\u00e3o for para os gestores do departamento financeiro, talvez o objetivo seja obter uma verba mais polpuda. J\u00e1 no caso de apresentar para funcion\u00e1rios, o objetivo talvez seja engaj\u00e1-los. Perceba, portanto, que o mesmo assunto pode ser voltado para p\u00fablicos diferentes.<\/p>\n\n\n\n<p><strong>#3 P\u00fablico<\/strong><\/p>\n\n\n\n<p>Quem \u00e9, afinal, o seu p\u00fablico? E o que ele quer ouvir? Voc\u00ea precisa praticar a empatia e se colocar no lugar da sua plateia. Isso direciona a sua mensagem. Pensando ainda no mesmo exemplo de um projeto a ser apresentado, se a plateia for composta pelo time financeiro, voc\u00ea precisa saber se as pessoas querem ouvir sobre dinheiro ou sobre a viabilidade do projeto. E focar naquilo que interessa.<\/p>\n\n\n\n<p><strong>#4 Tempo<\/strong><\/p>\n\n\n\n<p>Quanto tempo voc\u00ea tem para apresentar? Dois minutos? Dez minutos? Meia hora? Uma hora? Tempo conta e respeit\u00e1-lo \u00e9 important\u00edssimo. Porque, depois que o tempo combinado se esgota, as pessoas v\u00e3o desligando o c\u00e9rebro progressivamente se voc\u00ea continuar apresentando. Por uma quest\u00e3o de reten\u00e7\u00e3o de aten\u00e7\u00e3o e at\u00e9 de educa\u00e7\u00e3o, voc\u00ea precisa terminar a apresenta\u00e7\u00e3o dentro do deadline.<\/p>\n","protected":false},"excerpt":{"rendered":"<p>O profissional de comunica\u00e7\u00e3o n\u00e3o se vende como deveria. Ele executa as atividades e se esquece de mostrar para a empresa a import\u00e2ncia do que entrega. \u00c9 um mau h\u00e1bito e talvez at\u00e9 uma quest\u00e3o de mindset. Quem faz essa avalia\u00e7\u00e3o \u00e9 Renato Avanzi, fundador da&nbsp;Widoox, empresa de treinamentos de comunica\u00e7\u00e3o corporativa que em entre&hellip;<\/p>\n","protected":false},"author":19,"featured_media":8642,"comment_status":"closed","ping_status":"open","sticky":false,"template":"","format":"standard","meta":{"footnotes":"","_links_to":"","_links_to_target":""},"categories":[5],"tags":[],"yst_prominent_words":[],"class_list":["post-8641","post","type-post","status-publish","format-standard","has-post-thumbnail","hentry","category-comunicacao-corporativa","category-5","description-off"],"_links":{"self":[{"href":"https:\/\/comunique-se.com.br\/blog\/wp-json\/wp\/v2\/posts\/8641","targetHints":{"allow":["GET"]}}],"collection":[{"href":"https:\/\/comunique-se.com.br\/blog\/wp-json\/wp\/v2\/posts"}],"about":[{"href":"https:\/\/comunique-se.com.br\/blog\/wp-json\/wp\/v2\/types\/post"}],"author":[{"embeddable":true,"href":"https:\/\/comunique-se.com.br\/blog\/wp-json\/wp\/v2\/users\/19"}],"replies":[{"embeddable":true,"href":"https:\/\/comunique-se.com.br\/blog\/wp-json\/wp\/v2\/comments?post=8641"}],"version-history":[{"count":0,"href":"https:\/\/comunique-se.com.br\/blog\/wp-json\/wp\/v2\/posts\/8641\/revisions"}],"wp:featuredmedia":[{"embeddable":true,"href":"https:\/\/comunique-se.com.br\/blog\/wp-json\/wp\/v2\/media\/8642"}],"wp:attachment":[{"href":"https:\/\/comunique-se.com.br\/blog\/wp-json\/wp\/v2\/media?parent=8641"}],"wp:term":[{"taxonomy":"category","embeddable":true,"href":"https:\/\/comunique-se.com.br\/blog\/wp-json\/wp\/v2\/categories?post=8641"},{"taxonomy":"post_tag","embeddable":true,"href":"https:\/\/comunique-se.com.br\/blog\/wp-json\/wp\/v2\/tags?post=8641"},{"taxonomy":"yst_prominent_words","embeddable":true,"href":"https:\/\/comunique-se.com.br\/blog\/wp-json\/wp\/v2\/yst_prominent_words?post=8641"}],"curies":[{"name":"wp","href":"https:\/\/api.w.org\/{rel}","templated":true}]}}