{"id":5500,"date":"2018-06-06T17:04:14","date_gmt":"2018-06-06T20:04:14","guid":{"rendered":"https:\/\/comunique-se.com.br\/blog\/?p=5500"},"modified":"2018-06-06T17:04:14","modified_gmt":"2018-06-06T20:04:14","slug":"escritorio-de-advocacia-aprendendo-a-priorizar-focando-em-resultados","status":"publish","type":"post","link":"https:\/\/comunique-se.com.br\/blog\/escritorio-de-advocacia-aprendendo-a-priorizar-focando-em-resultados\/","title":{"rendered":"Escrit\u00f3rio de advocacia: Aprendendo a priorizar focando em resultados"},"content":{"rendered":"<p>[vc_row el_class=&#8221;container-blog texto-blog&#8221;][vc_column][vc_column_text css=&#8221;.vc_custom_1519663165778{margin-top: 0px !important;margin-right: 0px !important;margin-bottom: 0px !important;margin-left: 0px !important;}&#8221; el_class=&#8221;categoria-blog&#8221;]<h4><\/h4><div class=\"overflow\"><ul class=\"post-categories\"><li class=\"cat-1\"><a href=\"https:\/\/comunique-se.com.br\/blog\/category\/post\/\" title=\"Leia mais conte\u00fados da Categoria: Post\">Post<\/a><\/li><\/ul><\/div>[\/vc_column_text][vc_column_text el_class=&#8221;titulo-blog-h1&#8243;]<\/p>\n<h1>Escrit\u00f3rio de advocacia: Aprendendo a priorizar focando em resultados<\/h1>\n<p>[\/vc_column_text][\/vc_column][vc_column][\/vc_column][\/vc_row][vc_row][vc_column][vc_single_image source=&#8221;featured_image&#8221; img_size=&#8221;1088&#215;509&#8243; alignment=&#8221;center&#8221; image_hovers=&#8221;false&#8221; el_class=&#8221;img-destaque-blog&#8221;][\/vc_column][\/vc_row][vc_row el_class=&#8221;container-blog texto-blog&#8221;][vc_column][vc_column_text el_class=&#8221;texto-blog-interno&#8221;]Por conta da intensa rotina e din\u00e2mica bastante pr\u00f3pria dos escrit\u00f3rios de advocacia, \u00e9 normal que s\u00f3cios e administradores acabem perdendo a clareza daquilo que \u00e9 priorit\u00e1rio.<\/p>\n<p>Independentemente das metas tra\u00e7adas por voc\u00ea, conhecer t\u00e9cnicas que ajudem a priorizar o que realmente \u00e9 importante faz a diferen\u00e7a. Mostramos isso num post anterior, sobre a metodologia SMART. Mas como saber quais metas devem ser tratadas como prioridade para que a equipe possa focar e solucionar aquele problema?<br \/>\n[\/vc_column_text][vc_column_text el_class=&#8221;sub-titulo-blog-h2&#8243;]<\/p>\n<h3><span style=\"font-weight: 400;\">Urg\u00eancia x Import\u00e2ncia x Prioridade<\/span><\/h3>\n<p>[\/vc_column_text][vc_column_text el_class=&#8221;sub-titulo-blog-h2&#8243;]<\/p>\n<h3><b>PRIORIDADE<\/b><\/h3>\n<p>[\/vc_column_text][vc_column_text el_class=&#8221;texto-blog-interno&#8221;]Este conceito n\u00e3o \u00e9 muito complicado de entender. Prioridade \u00e9 definir aquilo que ser\u00e1 feito primeiro, ou seja, onde sua equipe concentrar\u00e1 os esfor\u00e7os para resolver determinado problema ou tarefa.<\/p>\n<p>Por exemplo: uma pessoa do seu escrit\u00f3rio est\u00e1 terminando determinada tarefa \u201cA\u201d. Quando surge um trabalho de prioridade, ela passa a focar na tarefa \u201cB\u201d e, quando terminar, volta para a \u201cA\u201d outra vez. Ou seja, a prioridade \u00e9 justamente aquilo que precisa ser executado na frente das demais demandas.<br \/>\n[\/vc_column_text][vc_column_text el_class=&#8221;sub-titulo-blog-h2&#8243;]<\/p>\n<h3><b>URG\u00caNCIA<\/b><\/h3>\n<p>[\/vc_column_text][vc_column_text el_class=&#8221;texto-blog-interno&#8221;]Est\u00e1 totalmente ligado a tempo. Ou seja, algo \u00e9 urgente quando grita por aten\u00e7\u00e3o de um ou mais funcion\u00e1rios e existe um limite para que o trabalho seja entregue. Se o prazo se encerrar, seu escrit\u00f3rio falhou na miss\u00e3o.<br \/>\n[\/vc_column_text][vc_widget_sidebar sidebar_id=&#8221;sidebar_23&#8243;][vc_column_text el_class=&#8221;sub-titulo-blog-h2&#8243;]<\/p>\n<h3><b>IMPORT\u00c2NCIA<\/b><\/h3>\n<p>[\/vc_column_text][vc_column_text el_class=&#8221;texto-blog-interno&#8221;]Este conceito refere-se a impacto, ou seja, ao tamanho do risco envolvido em n\u00e3o priorizar tal assunto. Por exemplo: \u00e9 importante praticar exerc\u00edcios regularmente, mas voc\u00ea pode esperar alguns dias se estiver com algum projeto atrasado. Importante, mas n\u00e3o urgente.<\/p>\n<p>Abaixo temos um mapa de prioriza\u00e7\u00e3o. A prioriza\u00e7\u00e3o se inicia pelo que for mais importante e urgente, e gradualmente segue at\u00e9 o que for pouco importante e pouco urgente.<\/p>\n<p><img loading=\"lazy\" decoding=\"async\" class=\"aligncenter size-full wp-image-5501\" src=\"https:\/\/comunique-se.com.br\/blog\/wp-content\/uploads\/2018\/06\/graf.jpg\" alt=\"\" width=\"582\" height=\"434\" srcset=\"https:\/\/comunique-se.com.br\/blog\/wp-content\/uploads\/2018\/06\/graf.jpg 582w, https:\/\/comunique-se.com.br\/blog\/wp-content\/uploads\/2018\/06\/graf-300x224.jpg 300w\" sizes=\"auto, (max-width: 582px) 100vw, 582px\" \/>[\/vc_column_text][vc_column_text el_class=&#8221;sub-titulo-blog-h2&#8243;]A tabela abaixo \u00e9 uma ferramenta muito poderosa. \u00c9 poss\u00edvel seguir a prioriza\u00e7\u00e3o de suas atividades com base na interpreta\u00e7\u00e3o realizada em cada um dos quadrantes.<\/p>\n<p><img loading=\"lazy\" decoding=\"async\" class=\"aligncenter size-full wp-image-5502\" src=\"https:\/\/comunique-se.com.br\/blog\/wp-content\/uploads\/2018\/06\/graf2.jpg\" alt=\"\" width=\"619\" height=\"507\" srcset=\"https:\/\/comunique-se.com.br\/blog\/wp-content\/uploads\/2018\/06\/graf2.jpg 619w, https:\/\/comunique-se.com.br\/blog\/wp-content\/uploads\/2018\/06\/graf2-300x246.jpg 300w\" sizes=\"auto, (max-width: 619px) 100vw, 619px\" \/><\/p>\n<p>Para um problema ser resolvido \u00e9 necess\u00e1rio alocar recursos, destinar tempo, energia e aten\u00e7\u00e3o ao mesmo. Isso tudo custa caro, portanto \u00e9 essencial que tenha sido escolhido o alvo certo para focar a energia da empresa naquele momento, que tenha sido priorizado de maneira eficaz.[\/vc_column_text][vc_column_text el_class=&#8221;sub-titulo-blog-h2&#8243;]<\/p>\n<h3><span style=\"font-weight: 400;\">A arte de dizer \u201cn\u00e3o\u201d<\/span><\/h3>\n<p>[\/vc_column_text][vc_column_text el_class=&#8221;texto-blog-interno&#8221;]Uma conduta essencial para quem quer priorizar metas \u00e9 saber dizer \u201cn\u00e3o\u201d em momentos chave. Por exemplo, no dia a dia de um escrit\u00f3rio de advocacia surgem demandas a todo instante, entrando novos clientes e novas oportunidades.<\/p>\n<p>Contudo, os gestores ou administradores devem estar focados em suas metas, e tentar entender se aquilo \u00e9 poss\u00edvel assumir ou se ir\u00e1 ultrapassar a capacidade do escrit\u00f3rio. Se ficar aceitando tudo o que vier pela frente, acumular\u00e1 diversas tarefas e n\u00e3o terminar\u00e1 nenhuma delas.<br \/>\n[\/vc_column_text][vc_column_text el_class=&#8221;sub-titulo-blog-h2&#8243;]<\/p>\n<h3><span style=\"font-weight: 400;\">Uma coisa de cada vez<\/span><\/h3>\n<p>[\/vc_column_text][vc_column_text el_class=&#8221;texto-blog-interno&#8221;]Quando falamos de metas, uma regra \u00e9 clara: fa\u00e7a uma coisa de cada vez. Os gestores de empresas devem direcionar as atividades certas para a pessoa respons\u00e1vel. Certifique-se de quais s\u00e3o as mais urgentes e importantes. Fa\u00e7a uma lista e procure ir executando uma meta de cada vez. Voc\u00ea pode delegar, envolver a equipe e tentar otimizar o processo de cumprimento das metas. Contudo, o mais importante \u00e9 n\u00e3o atropelar o planejamento.<br \/>\n[\/vc_column_text][vc_column_text el_class=&#8221;sub-titulo-blog-h2&#8243;]<span style=\"font-weight: 400;\">Takeaway<\/span>[\/vc_column_text][vc_column_text el_class=&#8221;texto-blog-interno&#8221;]Escrit\u00f3rios de advocacia no geral lidam o tempo inteiro com novas demandas. \u00c9 preciso, no entanto, priorizar as metas para que o escrit\u00f3rio n\u00e3o perca tempo com situa\u00e7\u00f5es menos importantes. Mais do que planejamento e organiza\u00e7\u00e3o, \u00e9 necess\u00e1rio olhar para o escrit\u00f3rio de maneira global e, a partir de tal panorama, definir metas de curto, m\u00e9dio e longo prazo.<\/p>\n<p>Assim como qualquer outra empresa, escrit\u00f3rios de advocacia tamb\u00e9m sofrem press\u00e3o por efici\u00eancia e agilidade. Analisando o que foi passado nesse conte\u00fado e estabelecendo cada prioridade, certamente seus resultados ser\u00e3o mais assertivos, al\u00e9m de a energia dos funcion\u00e1rios serem direcionadas e gastas corretamente.<br \/>\n[\/vc_column_text][\/vc_column][\/vc_row][vc_row][vc_column][\/vc_column][\/vc_row]<\/p>\n","protected":false},"excerpt":{"rendered":"<p>Um plano de marketing \u00e9 vital nos neg\u00f3cios, pois fornece orienta\u00e7\u00e3o e estrat\u00e9gia e define os recursos que a empresa investir\u00e1 para atingir as metas principais. No entanto, quando est\u00e3o ocupados executando suas pr\u00e1ticas e lidando com problemas do cliente, poucos contadores t\u00eam tempo ou experi\u00eancia para escrever um plano de marketing formal.<\/p>\n","protected":false},"author":19,"featured_media":5498,"comment_status":"closed","ping_status":"open","sticky":false,"template":"","format":"standard","meta":{"footnotes":"","_links_to":"","_links_to_target":""},"categories":[1],"tags":[116,247],"yst_prominent_words":[],"class_list":["post-5500","post","type-post","status-publish","format-standard","has-post-thumbnail","hentry","category-post","tag-advocacia","tag-escritorios-de-advocacia","category-1","description-off"],"_links":{"self":[{"href":"https:\/\/comunique-se.com.br\/blog\/wp-json\/wp\/v2\/posts\/5500","targetHints":{"allow":["GET"]}}],"collection":[{"href":"https:\/\/comunique-se.com.br\/blog\/wp-json\/wp\/v2\/posts"}],"about":[{"href":"https:\/\/comunique-se.com.br\/blog\/wp-json\/wp\/v2\/types\/post"}],"author":[{"embeddable":true,"href":"https:\/\/comunique-se.com.br\/blog\/wp-json\/wp\/v2\/users\/19"}],"replies":[{"embeddable":true,"href":"https:\/\/comunique-se.com.br\/blog\/wp-json\/wp\/v2\/comments?post=5500"}],"version-history":[{"count":0,"href":"https:\/\/comunique-se.com.br\/blog\/wp-json\/wp\/v2\/posts\/5500\/revisions"}],"wp:featuredmedia":[{"embeddable":true,"href":"https:\/\/comunique-se.com.br\/blog\/wp-json\/wp\/v2\/media\/5498"}],"wp:attachment":[{"href":"https:\/\/comunique-se.com.br\/blog\/wp-json\/wp\/v2\/media?parent=5500"}],"wp:term":[{"taxonomy":"category","embeddable":true,"href":"https:\/\/comunique-se.com.br\/blog\/wp-json\/wp\/v2\/categories?post=5500"},{"taxonomy":"post_tag","embeddable":true,"href":"https:\/\/comunique-se.com.br\/blog\/wp-json\/wp\/v2\/tags?post=5500"},{"taxonomy":"yst_prominent_words","embeddable":true,"href":"https:\/\/comunique-se.com.br\/blog\/wp-json\/wp\/v2\/yst_prominent_words?post=5500"}],"curies":[{"name":"wp","href":"https:\/\/api.w.org\/{rel}","templated":true}]}}