{"id":4784,"date":"2018-04-30T23:35:02","date_gmt":"2018-05-01T02:35:02","guid":{"rendered":"https:\/\/comunique-se.com.br\/blog\/?p=4784"},"modified":"2018-05-02T23:38:27","modified_gmt":"2018-05-03T02:38:27","slug":"marketing-juridico-no-linkedin","status":"publish","type":"post","link":"https:\/\/comunique-se.com.br\/blog\/marketing-juridico-no-linkedin\/","title":{"rendered":"Marketing Jur\u00eddico: usando o LinkedIn para aumentar sua visibilidade"},"content":{"rendered":"<p>[vc_row el_class=&#8221;container-blog texto-blog&#8221;][vc_column][vc_column_text css=&#8221;.vc_custom_1519663165778{margin-top: 0px !important;margin-right: 0px !important;margin-bottom: 0px !important;margin-left: 0px !important;}&#8221; el_class=&#8221;categoria-blog&#8221;]<h4><\/h4><div class=\"overflow\"><ul class=\"post-categories\"><li class=\"cat-1\"><a href=\"https:\/\/comunique-se.com.br\/blog\/category\/post\/\" title=\"Leia mais conte\u00fados da Categoria: Post\">Post<\/a><\/li><\/ul><\/div>[\/vc_column_text][vc_column_text el_class=&#8221;titulo-blog-h1&#8243;]<\/p>\n<h1>Marketing Jur\u00eddico: usando o LinkedIn para aumentar sua visibilidade<\/h1>\n<p>[\/vc_column_text][\/vc_column][vc_column][\/vc_column][\/vc_row][vc_row][vc_column][vc_single_image source=&#8221;featured_image&#8221; img_size=&#8221;1088&#215;509&#8243; alignment=&#8221;center&#8221; image_hovers=&#8221;false&#8221; el_class=&#8221;img-destaque-blog&#8221;][\/vc_column][\/vc_row][vc_row el_class=&#8221;container-blog texto-blog&#8221;][vc_column][vc_column_text el_class=&#8221;texto-blog-interno&#8221;]O LinkedIn atualmente \u00e9 a maior rede social que conecta profissionais. S\u00e3o cerca de 500 milh\u00f5es de usu\u00e1rios em todo o mundo. S\u00f3 no Brasil s\u00e3o quase 30 milh\u00f5es, fazendo com que o pa\u00eds ocupe o 3\u00ba lugar em n\u00fameros de usu\u00e1rios ativos na plataforma.<\/p>\n<p>Diferente das redes sociais tradicionais ela n\u00e3o \u00e9 focada em relacionamentos (amizade e namoro como a maioria), mas sim no mercado de trabalho e no \u00e2mbito profissional. A plataforma foi criada\u00a0para estimular o compartilhamento de experi\u00eancias corporativas e conquistas profissionais, para assim gerar neg\u00f3cios e criar oportunidades empregat\u00edcias.<\/p>\n<p>Muito usada por pessoas f\u00edsicas para se apresentarem diante das empresas, mostrar suas compet\u00eancias, experi\u00eancias, objetivos de carreira e tudo que for relevante profissionalmente. Por outro lado est\u00e3o as pessoas jur\u00eddicas, que utilizam a ferramenta para contrata\u00e7\u00e3o de novos funcion\u00e1rios al\u00e9m de usarem como fonte de prospec\u00e7\u00e3o de novos clientes.<\/p>\n<p>Alguns dados interessantes sobre o LinkedIn:[\/vc_column_text]<div class=\"standard-arrow list-divider bullet-top\"><ul>\n<li>Dispon\u00edvel em 24 idiomas;<\/li>\n<li>2 novos usu\u00e1rios por segundo;<\/li>\n<li>Mais de 40 milh\u00f5es de estudantes ou rec\u00e9m-formados;<\/li>\n<li>Os estados com mais 1 milh\u00e3o de usu\u00e1rios s\u00e3o: S\u00e3o Paulo, Rio de Janeiro, Minas, Rio Grande do Sul e Paran\u00e1;<\/li>\n<li>50 mil posts s\u00e3o publicados por semana;<\/li>\n<li>47% dos usu\u00e1rios acessam via smartphone;<\/li>\n<\/ul>\n<\/div>[vc_column_text el_class=&#8221;texto-blog-interno&#8221;]Com base nesses n\u00fameros j\u00e1 da para ter ideia do qu\u00e3o grande \u00e9 essa plataforma, e o quanto \u00e9 poss\u00edvel explor\u00e1-la. Para profissionais do setor jur\u00eddico \u00e9 um mar de oportunidades. No mesmo lugar est\u00e3o reunidos tanto pessoas f\u00edsicas quanto jur\u00eddicas. P\u00fablico perfeito para qualquer escrit\u00f3rio de advocacia ou advogado.<\/p>\n<p>Mas antes de sair criando um perfil de qualquer forma por l\u00e1, vamos compartilhar com voc\u00ea algumas dicas que v\u00e3o te ajudar a ter um desempenho melhor dentro da plataforma. S\u00e3o t\u00e9cnicas que podem ajudar o seu perfil ter um alcance de visibilidade maior. Confira:[\/vc_column_text][vc_column_text el_class=&#8221;sub-titulo-blog-h2&#8243;]<\/p>\n<h2>Perfil<\/h2>\n<p>[\/vc_column_text][vc_column_text el_class=&#8221;texto-blog-interno&#8221;]Estar de fora dessa rede \u00e9 estar dar as costas para diversas oportunidades de neg\u00f3cio. Para come\u00e7ar \u00e9 r\u00e1pido e gr\u00e1tis, basta <a href=\"https:\/\/www.linkedin.com\/\">criar um conta<\/a>\u00a0preencher as informa\u00e7\u00f5es do seu perfil e come\u00e7ar o networking.<\/p>\n<p>Existem diversas formas de voc\u00ea conseguir se desempenhar melhor que outros usu\u00e1rios e conseguir uma melhor visibilidade diante das conex\u00f5es. Basta seguir algumas de nossas dicas e aplic\u00e1-las que com certeza voc\u00ea ir\u00e1 colher bons resultados.[\/vc_column_text][vc_column_text el_class=&#8221;sub-titulo-blog-h2&#8243;]<\/p>\n<h3>Foto de perfil<\/h3>\n<p>[\/vc_column_text][vc_column_text el_class=&#8221;texto-blog-interno&#8221;]Pode parecer \u00f3bvio, mas a foto \u00e9 um dos detalhes mais importantes.\u00a0Estudos mostram que as pessoas formam uma impress\u00e3o de voc\u00ea ao ver sua foto em menos de um segundo. Por isso, \u00e9 bom ter cuidado na hora de escolher qual foto colocar no seu perfil.<\/p>\n<p>Para ajudar, vamos compartilhar uma dica que vai te ajudar a influenciar a impress\u00e3o que a sua audi\u00eancia tem em rela\u00e7\u00e3o a voc\u00ea.<\/p>\n<p>O <a href=\"https:\/\/www.photofeeler.com\/\">Photofeeler<\/a>\u00a0\u00e9 uma ferramenta que analisa 3 quesitos importantes em rela\u00e7\u00e3o a sua foto: Compet\u00eancia, Simpatia e Influ\u00eancia. Ap\u00f3s importar sua foto para a ferramenta a comunidade d\u00e1 votos e ainda comenta sobre ela. Para encontrar a foto ideal, basta subir diversas e ir testando at\u00e9 encontrar uma que melhor desempenha.[\/vc_column_text][vc_single_image image=&#8221;4804&#8243; img_size=&#8221;full&#8221;][vc_column_text el_class=&#8221;sub-titulo-blog-h2&#8243;]<\/p>\n<h3>T\u00edtulo<\/h3>\n<p>[\/vc_column_text][vc_column_text el_class=&#8221;texto-blog-interno&#8221;]<\/p>\n<p id=\"640a\" class=\"graf graf--p graf-after--h4\">O t\u00edtulo \u00e9 outra coisa bem importante no perfil. O Linkedin assim como qualquer outra rede social \u00e9 um mecanismo de busca baseado em palavras-chave, voc\u00ea pesquisa nome de pessoas, p\u00e1ginas, artigos, e ele te retornar o que encontro relacionado a sua pesquisa.<\/p>\n<p class=\"graf graf--p graf-after--h4\">Agora, pense no Google, quando voc\u00ea tem uma d\u00favida sobre um assunto qualquer e n\u00e3o sabe como pesquisar, como voc\u00ea pesquisa? Atrav\u00e9s de palavras-chave.<\/p>\n<p id=\"3079\" class=\"graf graf--p graf-after--p\">Exemplo: Advogado trabalhista. Aqui voc\u00ea n\u00e3o sabe o nome de um escrit\u00f3rio espec\u00edfico, de um advogado especifico, apenas digitou palavras que te retorne uma resposta coerente.<\/p>\n<p id=\"4020\" class=\"graf graf--p graf-after--p\">No Linkedin funciona basicamente da mesma forma, caso algu\u00e9m tenha d\u00favidas sobre uma determinada legisla\u00e7\u00e3o e queira esclarecer com algum especialista de forma r\u00e1pida, ou at\u00e9 mesmo para quest\u00f5es de networking, essa pessoa ir\u00e1 buscar por algo como \u201cAdvogado Civil, Advogado Trabalhista\u201d e assim por diante.<\/p>\n<p class=\"graf graf--p graf-after--p\">Isso vai gerar um filtro com dezenas de milhares de perfis. Por isso, o ideal \u00e9 pensar como algu\u00e9m pesquisaria para te encontrar, encontrar algu\u00e9m com o seu perfil. Pense, o que algu\u00e9m pesquisaria se precisasse de um cara como eu? Essa pessoa pesquisaria em ingl\u00eas ou em portugu\u00eas?<\/p>\n<p id=\"2663\" class=\"graf graf--p graf-after--p\">Por isso, tenha um t\u00edtulo que descreva exatamente o que define o seu trabalho, quanto melhor descrito, mais voc\u00ea aparecer\u00e1 nas pesquisas e melhor ranqueamento em rela\u00e7\u00e3o aos outros perfis voc\u00ea ficar\u00e1.<\/p>\n<p>[\/vc_column_text][vc_column_text el_class=&#8221;sub-titulo-blog-h2&#8243;]<\/p>\n<h3>Resumo<\/h3>\n<p>[\/vc_column_text][vc_column_text el_class=&#8221;texto-blog-interno&#8221;]O resumo \u00e9 outra parte tamb\u00e9m importante, \u00e9 aqui que voc\u00ea tem a oportunidade de se apresentar, dizer sobre o porque voc\u00ea acha que as pessoas devem se conectar com voc\u00ea. \u00c9 aqui que voc\u00ea mostra o porque o seu trabalho \u00e9 importante, as suas experi\u00eancias na profiss\u00e3o, os conhecimentos que voc\u00ea possui e um determinado segmento, e tudo que for relevante descrever para as pessoas e empresas que pretendem te contratar.<\/p>\n<p>Use a criatividade, pense no que voc\u00ea gostaria de ler se estivesse do outro lado e n\u00e3o esque\u00e7a de sempre usar palavras simples e objetivas.[\/vc_column_text][vc_single_image image=&#8221;4825&#8243; img_size=&#8221;full&#8221;][vc_column_text el_class=&#8221;sub-titulo-blog-h2&#8243;]<\/p>\n<h3>M\u00eddia<\/h3>\n<p>[\/vc_column_text][vc_column_text el_class=&#8221;texto-blog-interno&#8221;]Essa fun\u00e7\u00e3o fica um pouco mais abaixo do resumo, aqui voc\u00ea tem as op\u00e7\u00f5es de incluir imagens, documentos, arquivos de apresenta\u00e7\u00e3o, links e etc. Voc\u00ea fez ou foi citado em algum artigo? Insira o link e deixe vis\u00edvel em seu perfil. Participou de alguma entrevista uma entrevista? Todo material externo que estiver vinculado ao seu nome voc\u00ea n\u00e3o s\u00f3 pode como deve incluir para enriquecer o seu perfil e a sua imagem.[\/vc_column_text][vc_column_text el_class=&#8221;sub-titulo-blog-h2&#8243;]<\/p>\n<h3>Compet\u00eancias<\/h3>\n<p>[\/vc_column_text][vc_column_text el_class=&#8221;texto-blog-interno&#8221;]Essa fun\u00e7\u00e3o fica quase no final da p\u00e1gina, aqui voc\u00ea tem as op\u00e7\u00f5es de incluir palavras-chave que melhor descrevem tudo o que voc\u00ea sabe. O melhor \u00e9 que as pessoas podem te recomendar por elas, fazendo com que voc\u00ea se destaque em determinados assuntos, e segmentos. Al\u00e9m de mostrar o quanto as pessoas te associam a determinados temas.[\/vc_column_text][vc_single_image image=&#8221;4828&#8243; img_size=&#8221;full&#8221;][vc_column_text el_class=&#8221;sub-titulo-blog-h2&#8243;]<\/p>\n<h3>Artigos<\/h3>\n<p>[\/vc_column_text][vc_column_text el_class=&#8221;texto-blog-interno&#8221;]Particularmente, considero essa funcionalidade como uma das maiores respons\u00e1veis por gerar novas conex\u00f5es e at\u00e9 mesmo neg\u00f3cios em sua rede. S\u00e3o por meio dos <a href=\"https:\/\/www.linkedin.com\/post\/new\">artigos<\/a> que voc\u00ea pode come\u00e7ar a sua produ\u00e7\u00e3o de conte\u00fado, compartilhando dicas, e experi\u00eancias do setor jur\u00eddico afim de atrair pessoas interessadas no assunto, sejam eles estudantes ou pot\u00eancias clientes.<\/p>\n<p>Voc\u00ea j\u00e1 parou pra pensar quanto conhecimento tem guardado? Porque n\u00e3o compartilhar e mostrar o quanto domina determinados assuntos, a partir disso al\u00e9m ajudar outras pessoas, voc\u00ea pode gerar novos neg\u00f3cios, al\u00e9m de se tornar cada\u00a0 vez mais uma refer\u00eancias para profissionais do setor.<\/p>\n<p>Compartilhe o que voc\u00ea aprendeu nesses anos de profiss\u00e3o, fale sobre leis e em que situa\u00e7\u00f5es s\u00e3o aplicadas, esclare\u00e7a d\u00favidas sobre temas complexos do setor jur\u00eddico, mostre que voc\u00ea domina um assunto especifico.<\/p>\n<p>Lembre-se, trabalhe sempre seu marketing, leia sobre o C\u00f3digo de \u00c9tica e trabalhe com base nele para n\u00e3o infringi-lo.[\/vc_column_text][vc_column_text el_class=&#8221;sub-titulo-blog-h2&#8243;]<\/p>\n<h3>Publica\u00e7\u00f5es<\/h3>\n<p>[\/vc_column_text][vc_column_text el_class=&#8221;texto-blog-interno&#8221;]Al\u00e9m dos artigos, outra fun\u00e7\u00e3o que faz com que o seu perfil tenha uma maior visibilidade, s\u00e3o as publica\u00e7\u00f5es da famosa linha do tempo. Nela \u00e9 poss\u00edvel fazer um post em formato de texto, imagem, v\u00eddeo ou link. Diferente dos artigos, que s\u00e3o textos mais longos, as publica\u00e7\u00f5es s\u00e3o mais curtas e objetivas, geralmente levantando alguma discuss\u00e3o relacionada ha algum assunto especifico.<\/p>\n<p>Manter a rede ativa compartilhando informa\u00e7\u00f5es relevantes do setor jur\u00eddico, imagens que ilustram determinas situa\u00e7\u00f5es e mat\u00e9rias importantes, s\u00e3o fatores que fazem o seu perfil criar autoridade ao longo do tempo.[\/vc_column_text][vc_single_image image=&#8221;4831&#8243; img_size=&#8221;full&#8221;][vc_column_text el_class=&#8221;sub-titulo-blog-h2&#8243;]<\/p>\n<h3>Conex\u00f5es<\/h3>\n<p>[\/vc_column_text][vc_column_text el_class=&#8221;texto-blog-interno&#8221;]Se conectar com outras pessoas ou segui-las \u00e9 primordial. O intuito do LinkedIn \u00e9 justamente fazer com que as pessoas fa\u00e7am networking, fazendo com que se interajam e troque experi\u00eancias profissionais. O melhor da plataforma \u00e9 que muita gente produz conte\u00fado extremamente rico.<\/p>\n<p>H\u00e1 algum tempo o Linkedin criou a lista de <a href=\"https:\/\/www.linkedin.com\/pulse\/linkedin-top-voices-2017-influencers-daniel-roth\/\">TOP VOICES e INFLUENCERS<\/a>. Ambos s\u00e3o uma lista de pessoas que se destacaram na cria\u00e7\u00e3o de conte\u00fado e influencia sob os usu\u00e1rios, s\u00e3o pessoas inspiradoras que voc\u00ea n\u00e3o deve deixar de seguir para se inspirar.[\/vc_column_text][vc_column_text el_class=&#8221;sub-titulo-blog-h2&#8243;]<\/p>\n<h2>B\u00f4nus<\/h2>\n<p>[\/vc_column_text][vc_column_text el_class=&#8221;texto-blog-interno&#8221;]O LinkedIn h\u00e1 algum tempo, possui uma p\u00e1gina (<a href=\"https:\/\/www.linkedin.com\/sales\/ssi\">Social Selling Index<\/a>) que ajuda a entender o qu\u00e3o popular voc\u00ea \u00e9 para o seu setor e para a sua rede. O melhor \u00e9 que da para ter uma no\u00e7\u00e3o com base nos relat\u00f3rios da p\u00e1gina o que ele monitora para gerar esses n\u00fameros. N\u00e3o \u00e9 comprovado, mas ao que tudo indica quanto mais alto o seu score, mais alcance e melhor voc\u00ea aparece nas pesquisas.<\/p>\n<p>[\/vc_column_text][vc_single_image image=&#8221;4811&#8243; img_size=&#8221;full&#8221;][\/vc_column][\/vc_row][vc_row][vc_column][\/vc_column][\/vc_row]<\/p>\n","protected":false},"excerpt":{"rendered":"<p>[vc_row el_class=&#8221;container-blog texto-blog&#8221;][vc_column][vc_column_text css=&#8221;.vc_custom_1519663165778{margin-top: 0px !important;margin-right: 0px !important;margin-bottom: 0px !important;margin-left: 0px !important;}&#8221; el_class=&#8221;categoria-blog&#8221;][\/vc_column_text][vc_column_text el_class=&#8221;titulo-blog-h1&#8243;] [\/vc_column_text][\/vc_column][vc_column][\/vc_column][\/vc_row][vc_row][vc_column][vc_single_image source=&#8221;featured_image&#8221; img_size=&#8221;1088&#215;509&#8243; alignment=&#8221;center&#8221; image_hovers=&#8221;false&#8221; el_class=&#8221;img-destaque-blog&#8221;][\/vc_column][\/vc_row][vc_row el_class=&#8221;container-blog texto-blog&#8221;][vc_column][vc_column_text el_class=&#8221;texto-blog-interno&#8221;]O LinkedIn atualmente \u00e9 a maior rede social que conecta profissionais. S\u00e3o cerca de 500 milh\u00f5es de usu\u00e1rios em todo o mundo. S\u00f3 no Brasil s\u00e3o quase 30 milh\u00f5es, fazendo com que o&hellip;<\/p>\n","protected":false},"author":19,"featured_media":4785,"comment_status":"closed","ping_status":"open","sticky":false,"template":"","format":"standard","meta":{"footnotes":"","_links_to":"","_links_to_target":""},"categories":[1],"tags":[116,122,236,117,237,103,167],"yst_prominent_words":[],"class_list":["post-4784","post","type-post","status-publish","format-standard","has-post-thumbnail","hentry","category-post","tag-advocacia","tag-advogados","tag-advogados-no-linkedin","tag-escritorio-de-advocacia","tag-linkedin","tag-marketing","tag-marketing-juridico","category-1","description-off"],"_links":{"self":[{"href":"https:\/\/comunique-se.com.br\/blog\/wp-json\/wp\/v2\/posts\/4784","targetHints":{"allow":["GET"]}}],"collection":[{"href":"https:\/\/comunique-se.com.br\/blog\/wp-json\/wp\/v2\/posts"}],"about":[{"href":"https:\/\/comunique-se.com.br\/blog\/wp-json\/wp\/v2\/types\/post"}],"author":[{"embeddable":true,"href":"https:\/\/comunique-se.com.br\/blog\/wp-json\/wp\/v2\/users\/19"}],"replies":[{"embeddable":true,"href":"https:\/\/comunique-se.com.br\/blog\/wp-json\/wp\/v2\/comments?post=4784"}],"version-history":[{"count":0,"href":"https:\/\/comunique-se.com.br\/blog\/wp-json\/wp\/v2\/posts\/4784\/revisions"}],"wp:featuredmedia":[{"embeddable":true,"href":"https:\/\/comunique-se.com.br\/blog\/wp-json\/wp\/v2\/media\/4785"}],"wp:attachment":[{"href":"https:\/\/comunique-se.com.br\/blog\/wp-json\/wp\/v2\/media?parent=4784"}],"wp:term":[{"taxonomy":"category","embeddable":true,"href":"https:\/\/comunique-se.com.br\/blog\/wp-json\/wp\/v2\/categories?post=4784"},{"taxonomy":"post_tag","embeddable":true,"href":"https:\/\/comunique-se.com.br\/blog\/wp-json\/wp\/v2\/tags?post=4784"},{"taxonomy":"yst_prominent_words","embeddable":true,"href":"https:\/\/comunique-se.com.br\/blog\/wp-json\/wp\/v2\/yst_prominent_words?post=4784"}],"curies":[{"name":"wp","href":"https:\/\/api.w.org\/{rel}","templated":true}]}}