{"id":15135,"date":"2021-07-27T17:11:51","date_gmt":"2021-07-27T20:11:51","guid":{"rendered":"https:\/\/comunique-se.com.br\/blog\/?p=15135"},"modified":"2021-07-27T17:11:51","modified_gmt":"2021-07-27T20:11:51","slug":"comunicacao-vertical-horizontal-e-360","status":"publish","type":"post","link":"https:\/\/comunique-se.com.br\/blog\/comunicacao-vertical-horizontal-e-360\/","title":{"rendered":"Comunica\u00e7\u00e3o vertical, horizontal e 360: entenda a diferen\u00e7a"},"content":{"rendered":"<p><span style=\"font-weight: 400;\">A comunica\u00e7\u00e3o dentro de uma empresa, seja ela p\u00fablica ou privada, precisa ter impacto positivo na integra\u00e7\u00e3o da equipe. Isso \u00e9 fundamental para o bom desempenho e conv\u00edvio entre os colaboradores. Por meio dela, \u00e9 poss\u00edvel criar um ambiente transparente, onde a troca de informa\u00e7\u00f5es seja fluida e agrad\u00e1vel para todos os setores.<\/span><\/p>\n<p><span style=\"font-weight: 400;\">Por isso, quando h\u00e1 um ambiente confi\u00e1vel e acolhedor para a troca de ideias, fica mais f\u00e1cil desenvolver outros benef\u00edcios e definir metas mais alcan\u00e7\u00e1veis. Al\u00e9m de melhorar a produtividade e garantir funcion\u00e1rios mais motivados.<\/span><\/p>\n<h2><span style=\"font-weight: 400;\">A import\u00e2ncia da comunica\u00e7\u00e3o interna<\/span><\/h2>\n<p><span style=\"font-weight: 400;\">Para uma estrat\u00e9gia se manter eficiente entre os setores de uma empresa, o planejamento da comunica\u00e7\u00e3o interna precisa ser bem elaborado. Afinal, se ela n\u00e3o for bem trabalhada, dificilmente a corpora\u00e7\u00e3o ir\u00e1 atingir os resultados que deseja.<\/span><\/p>\n<p><span style=\"font-weight: 400;\">Portanto, \u00e9 imprescind\u00edvel que a organiza\u00e7\u00e3o tenha bem definido seus canais de comunica\u00e7\u00e3o. Fazendo isso, os gestores contribuem para um clima harmonioso e essencial para excelentes resultados e reten\u00e7\u00e3o de novos talentos.<\/span><\/p>\n<p><span style=\"font-weight: 400;\">Quando nos referimos \u00e0 <\/span><a href=\"https:\/\/comunique-se.com.br\/blog\/blog\/comunicacao-corporativa-importancia\/\"><span style=\"font-weight: 400;\">comunica\u00e7\u00e3o corporativa<\/span><\/a><span style=\"font-weight: 400;\">, \u00e9 importante pontuar que, os fluxos e as diferentes formas de abordagem devem ser analisados cuidadosamente. Setor por setor. Assim, torna-se mais f\u00e1cil destrinchar os variados canais de comunica\u00e7\u00e3o que podem ser utilizados dentro da empresa.<\/span><\/p>\n<h2><span style=\"font-weight: 400;\">Comunica\u00e7\u00e3o vertical<\/span><\/h2>\n<p><span style=\"font-weight: 400;\">A comunica\u00e7\u00e3o vertical ocorre entre os diferentes n\u00edveis hier\u00e1rquicos de uma empresa. Um caso bem ilustrado s\u00e3o os dos l\u00edderes e os liderados, por exemplo.<\/span><\/p>\n<p><span style=\"font-weight: 400;\">Uma das principais fun\u00e7\u00f5es de um bom l\u00edder \u00e9 transmitir as informa\u00e7\u00f5es necess\u00e1rias e uniformizar os objetivos aos seus coordenados. De maneira natural, compreens\u00edvel e evitando poss\u00edveis ru\u00eddos.<\/span><\/p>\n<p><span style=\"font-weight: 400;\">H\u00e1 dois sentidos de fluxos na comunica\u00e7\u00e3o vertical:<\/span><\/p>\n<h3><span style=\"font-weight: 400;\">Vertical ascendente<\/span><\/h3>\n<p><span style=\"font-weight: 400;\">Aqui, a comunica\u00e7\u00e3o acontece <\/span><b>de baixo para cima<\/b><span style=\"font-weight: 400;\">. Ou seja: o contato\u00a0 inicial sai de<\/span><span style=\"font-weight: 400;\"> um colaborador para o seu l\u00edder (ou para um profissional com cargo mais elevado em n\u00edvel hier\u00e1rquico).<\/span><\/p>\n<p><span style=\"font-weight: 400;\">Uma empresa quando valoriza e entende a necessidade de ouvir seus colaboradores e pr\u00e1tica constantemente o exerc\u00edcio de dar<\/span><i><span style=\"font-weight: 400;\"> feedbacks<\/span><\/i><span style=\"font-weight: 400;\">, por exemplo, tende a colher uma comunica\u00e7\u00e3o mais assertiva. Al\u00e9m disso, esse tipo de rela\u00e7\u00e3o ajuda a estabelecer confian\u00e7a entre as partes.<\/span><\/p>\n<p><span style=\"font-weight: 400;\">Em empresas onde n\u00e3o existe essa abertura, a situa\u00e7\u00e3o come\u00e7a a desandar. Sem essa pr\u00e1tica de desenvolvimento, as atividades v\u00e3o ficando mais conflituosas. Nesse sentido, h\u00e1 aus\u00eancia de uma boa estrat\u00e9gia de comunica\u00e7\u00e3o vertical ascendente pode ocasionar a <\/span><a href=\"https:\/\/www.suatv.com.br\/blog\/radio-peao\/\"><span style=\"font-weight: 400;\">presen\u00e7a da t\u00e3o temida e improdutiva r\u00e1dio pe\u00e3o<\/span><\/a><span style=\"font-weight: 400;\">..<\/span><\/p>\n<h3><span style=\"font-weight: 400;\">Vertical descendente<\/span><\/h3>\n<p><span style=\"font-weight: 400;\">Na comunica\u00e7\u00e3o vertical descendente, a conversa ocorre <\/span><b>de cima para baixo. <\/b><span style=\"font-weight: 400;\">Parte dos n\u00edveis superiores para os n\u00edveis inferiores. A maioria das empresas confunde esse tipo de comunica\u00e7\u00e3o e acaba saturando o colaborador. No fim, n\u00e3o consegue atingi-lo da maneira correta.\u00a0<\/span><\/p>\n<p><span style=\"font-weight: 400;\">\u00c9 v\u00e1lido lembrar que existem diversas formas de executar essa conversa\u00e7\u00e3o. Na maioria das vezes, ocorre por meio de comunicados, reuni\u00f5es, instru\u00e7\u00f5es ou <\/span><i><span style=\"font-weight: 400;\">feedback<\/span><\/i><span style=\"font-weight: 400;\">. E com a chegada da pandemia, isso se intensificou. Os canais de comunica\u00e7\u00e3o interna precisam ser utilizados com maior frequ\u00eancia. Afinal, nenhum colaborador quer se sentir \u201cesquecido\u201d pela empresa.<\/span><\/p>\n<h2><span style=\"font-weight: 400;\">Comunica\u00e7\u00e3o horizontal<\/span><\/h2>\n<p><span style=\"font-weight: 400;\">A comunica\u00e7\u00e3o horizontal \u2014 ou lateral \u2014 ocorre entre profissionais da mesma \u00e1rea ou n\u00edvel hier\u00e1rquico. Esse estilo de fluxo facilita o compartilhamento de informa\u00e7\u00f5es importantes e a intera\u00e7\u00e3o entre os colaboradores do mesmo n\u00edvel. Como determinada decis\u00e3o ou planejamento ser compartilhado por um diretor com os seus demais pares.<\/span><\/p>\n<p><span style=\"font-weight: 400;\">Parece simples, mas sem essa comunica\u00e7\u00e3o os demais setores n\u00e3o funcionam. Isso porque, se um l\u00edder, que tem papel fundamental na organiza\u00e7\u00e3o das tarefas, n\u00e3o estiver alinhado com os demais departamentos, ele vai acabar atropelando ou deixando de entregar algum objetivo proposto.<\/span><\/p>\n<p><span style=\"font-weight: 400;\">N\u00e3o apenas para alinhamento, mas uma comunica\u00e7\u00e3o horizontal bem trabalhada no setor pode evitar futuros problemas. Isso permite que os processos sejam realizados com excel\u00eancia e, assim, fortale\u00e7a a identidade da empresa. Abrindo novos pensamentos para projetos e objetivos futuros.<\/span><\/p>\n<h2><span style=\"font-weight: 400;\">Comunica\u00e7\u00e3o 360<\/span><\/h2>\n<p><span style=\"font-weight: 400;\">A comunica\u00e7\u00e3o 360, como o pr\u00f3prio nome sugere, \u00e9 um fluxo de conversa\u00e7\u00e3o completa, que percorre todas as dire\u00e7\u00f5es. O principal objetivo \u00e9 garantir o m\u00e1ximo de intera\u00e7\u00e3o e conquistar o grande p\u00fablico da empresa. A convers\u00e3o percorre por todas as dire\u00e7\u00f5es, sem centraliza\u00e7\u00e3o.<\/span><\/p>\n<p><span style=\"font-weight: 400;\">O \u2018Podcast-se\u2019, <\/span><i><span style=\"font-weight: 400;\">podcast <\/span><\/i><span style=\"font-weight: 400;\">oficial do Comunique-se, na sua edi\u00e7\u00e3o #209, estendeu o debate sobre como ter efici\u00eancia na comunica\u00e7\u00e3o 360.\u00a0<\/span><\/p>\n<p><a class=\"spreaker-player\" href=\"https:\/\/www.spreaker.com\/user\/comuniquese\/209-comunicac-a-o-360-graus-como-ter-efi\" data-resource=\"episode_id=27106829\" data-theme=\"light\" data-playlist=\"false\" data-cover=\"https:\/\/d3wo5wojvuv7l.cloudfront.net\/images.spreaker.com\/original\/3046b246228b7806c2fdb01338ee4eaa.jpg\" data-width=\"100%\" data-height=\"400px\">Listen to &#8220;#209 Comunica\u00e7\u00e3o: como ter efici\u00eancia | Roger Spalding (Air Liquide)&#8221; on Spreaker.<\/a><script async src=\"https:\/\/widget.spreaker.com\/widgets.js\"><\/script><\/p>\n<p><span style=\"font-weight: 400;\">Para atingir o m\u00e1ximo de funcion\u00e1rios, \u00e9 necess\u00e1rio que a organiza\u00e7\u00e3o entenda as melhores formas de se comunicar. Com essa pr\u00e1tica, \u00e9 poss\u00edvel entender exatamente o que os colaboradores buscam e como se informam.<\/span><\/p>\n<p><span style=\"font-weight: 400;\">Assim, quando a empresa acerta o tom de sua comunica\u00e7\u00e3o, ela ganha em credibilidade. Por isso, \u00e9 importante entender que esse estilo de comunica\u00e7\u00e3o n\u00e3o \u00e9 um m\u00e9todo pontual, mas sim uma estrat\u00e9gia que precisa ser praticada com frequ\u00eancia. Isso porque, quando uma equipe \u00e9 reconhecida e tem liberdade para transitar entre os setores de comunica\u00e7\u00e3o, os resultados tendem a ser positivos.<\/span><\/p>\n<p><span style=\"font-weight: 400;\">Com isso, devido ao ganho de autoridade &#8211; refor\u00e7ada pela aten\u00e7\u00e3o e <\/span><i><span style=\"font-weight: 400;\">feedback<\/span><\/i><span style=\"font-weight: 400;\"> dos fluxos &#8211; torna-se mais comum os colaboradores valorizarem a sua fun\u00e7\u00e3o e \u201cvestir a camisa\u201d da empresa. Al\u00e9m de compartilhar com o p\u00fablico externo suas conquistas pessoais e as boas viv\u00eancias dentro do trabalho.<\/span><\/p>\n<h2><span style=\"font-weight: 400;\">Tenha uma comunica\u00e7\u00e3o acess\u00edvel e eficaz<\/span><\/h2>\n<p><span style=\"font-weight: 400;\">Por mais acess\u00edvel que seja a pr\u00e1tica desses fluxos dentro da comunica\u00e7\u00e3o, existem ru\u00eddos que por muitas vezes n\u00e3o s\u00e3o identificados rapidamente pela gest\u00e3o, atrapalhando o movimento e a troca de informa\u00e7\u00f5es.<\/span><\/p>\n<p><span style=\"font-weight: 400;\">Uma etapa importante para que o processo funcione integralmente \u00e9 o acompanhamento das atividades e dos retornos da equipe. Ouvir os colaboradores que est\u00e3o ao redor \u00e9 fundamental para uma boa comunica\u00e7\u00e3o. Al\u00e9m de estimular os profissionais a participarem dos processos da empresa, permite que eles expressem suas opini\u00f5es, apresentem outras ideias e, assim, fiquem preparados para futuras tomadas de decis\u00f5es corporativas.<\/span><\/p>\n<p><span style=\"font-weight: 400;\">Isso ajuda a preparar a carreira do profissional dentro da sua jornada no trabalho. Agregando mais valor para os processos da empresa.<\/span><\/p>\n<h2><span style=\"font-weight: 400;\">Concluindo\u2026<\/span><\/h2>\n<p><span style=\"font-weight: 400;\">Para que uma comunica\u00e7\u00e3o corporativa seja fluida e eficaz dentro do espa\u00e7o da empresa, \u00e9 necess\u00e1rio agrupar corretamente todos os fluxos de comunica\u00e7\u00e3o e colocar em pr\u00e1tica de forma estrat\u00e9gica as necessidades de cada p\u00fablico que a corpora\u00e7\u00e3o tenha. Assim, os bons resultados se tornar\u00e3o mais evidentes e os profissionais estar\u00e3o mais preparados e aptos a exercerem um plano de carreira mais competente.<\/span><\/p>\n<p><span style=\"font-weight: 400;\">Em sentido oposto, a falta de comunica\u00e7\u00e3o pode prejudicar nos resultados e afastar os colegas de profiss\u00e3o. Comprometendo as entregas e causando grande frustra\u00e7\u00e3o para todos.<\/span><\/p>\n","protected":false},"excerpt":{"rendered":"<p>A comunica\u00e7\u00e3o dentro de uma empresa, seja ela p\u00fablica ou privada, precisa ter impacto positivo na integra\u00e7\u00e3o da equipe. Isso \u00e9 fundamental para o bom desempenho e conv\u00edvio entre os colaboradores. Por meio dela, \u00e9 poss\u00edvel criar um ambiente transparente, onde a troca de informa\u00e7\u00f5es seja fluida e agrad\u00e1vel para todos os setores. Por isso,&hellip;<\/p>\n","protected":false},"author":20,"featured_media":15137,"comment_status":"closed","ping_status":"open","sticky":false,"template":"","format":"standard","meta":{"footnotes":"","_links_to":"","_links_to_target":""},"categories":[5],"tags":[3780,3779,199,3778],"yst_prominent_words":[],"class_list":["post-15135","post","type-post","status-publish","format-standard","has-post-thumbnail","hentry","category-comunicacao-corporativa","tag-comunicacao-360","tag-comunicacao-horizontal","tag-comunicacao-interna","tag-comunicacao-vertical","category-5","description-off"],"_links":{"self":[{"href":"https:\/\/comunique-se.com.br\/blog\/wp-json\/wp\/v2\/posts\/15135","targetHints":{"allow":["GET"]}}],"collection":[{"href":"https:\/\/comunique-se.com.br\/blog\/wp-json\/wp\/v2\/posts"}],"about":[{"href":"https:\/\/comunique-se.com.br\/blog\/wp-json\/wp\/v2\/types\/post"}],"author":[{"embeddable":true,"href":"https:\/\/comunique-se.com.br\/blog\/wp-json\/wp\/v2\/users\/20"}],"replies":[{"embeddable":true,"href":"https:\/\/comunique-se.com.br\/blog\/wp-json\/wp\/v2\/comments?post=15135"}],"version-history":[{"count":0,"href":"https:\/\/comunique-se.com.br\/blog\/wp-json\/wp\/v2\/posts\/15135\/revisions"}],"wp:featuredmedia":[{"embeddable":true,"href":"https:\/\/comunique-se.com.br\/blog\/wp-json\/wp\/v2\/media\/15137"}],"wp:attachment":[{"href":"https:\/\/comunique-se.com.br\/blog\/wp-json\/wp\/v2\/media?parent=15135"}],"wp:term":[{"taxonomy":"category","embeddable":true,"href":"https:\/\/comunique-se.com.br\/blog\/wp-json\/wp\/v2\/categories?post=15135"},{"taxonomy":"post_tag","embeddable":true,"href":"https:\/\/comunique-se.com.br\/blog\/wp-json\/wp\/v2\/tags?post=15135"},{"taxonomy":"yst_prominent_words","embeddable":true,"href":"https:\/\/comunique-se.com.br\/blog\/wp-json\/wp\/v2\/yst_prominent_words?post=15135"}],"curies":[{"name":"wp","href":"https:\/\/api.w.org\/{rel}","templated":true}]}}