{"id":14121,"date":"2021-01-15T16:02:49","date_gmt":"2021-01-15T19:02:49","guid":{"rendered":"https:\/\/comunique-se.com.br\/blog\/?p=14121"},"modified":"2021-01-15T16:05:31","modified_gmt":"2021-01-15T19:05:31","slug":"lgpd-evite-as-penalizacoes-da-lei","status":"publish","type":"post","link":"https:\/\/comunique-se.com.br\/blog\/lgpd-evite-as-penalizacoes-da-lei\/","title":{"rendered":"LGPD: evite as penaliza\u00e7\u00f5es da Lei"},"content":{"rendered":"<h2 style=\"text-align: center;\"><i><span style=\"font-weight: 400;\">As penaliza\u00e7\u00f5es da LGPD come\u00e7am em 2021. Conhe\u00e7a as principais multas e san\u00e7\u00f5es administrativas; e como evit\u00e1-las<\/span><\/i><\/h2>\n<p><span style=\"font-weight: 400;\">A <\/span><a href=\"http:\/\/www.planalto.gov.br\/ccivil_03\/_ato2015-2018\/2018\/lei\/L13709.htm\" target=\"_blank\" rel=\"noopener\"><span style=\"font-weight: 400;\">Lei Geral de Prote\u00e7\u00e3o de Dados (LGPD)<\/span><\/a><span style=\"font-weight: 400;\"> j\u00e1 est\u00e1 em vigor desde agosto de 2020. Suas penaliza\u00e7\u00f5es \u2014 multas e san\u00e7\u00f5es administrativas \u2014 ser\u00e3o aplicadas a partir de agosto de 2021. Todos os artigos da Lei j\u00e1 est\u00e3o valendo, com exce\u00e7\u00e3o das san\u00e7\u00f5es administrativas.\u00a0<\/span><\/p>\n<p><span style=\"font-weight: 400;\">Mesmo assim, toda aten\u00e7\u00e3o e cuidado \u00e9 importante desde j\u00e1. O Art. n\u00ba 18 da LGPD salienta que o titular dos dados tem direito a obter do controlador \u2014 que \u00e9 a pessoa ou empresa respons\u00e1vel pelo tratamento das informa\u00e7\u00f5es pessoais \u2014\u00a0 em rela\u00e7\u00e3o aos dados do titular por ele tratado, a qualquer momento e mediante requisi\u00e7\u00e3o:\u00a0<\/span><\/p>\n<ul>\n<li><span style=\"font-weight: 400;\"> da confirma\u00e7\u00e3o da exist\u00eancia de tratamento;<\/span><\/li>\n<li><span style=\"font-weight: 400;\"> do acesso aos dados;<\/span><\/li>\n<li><span style=\"font-weight: 400;\"> da corre\u00e7\u00e3o de dados incompletos, inexatos ou desatualizados;<\/span><\/li>\n<li><span style=\"font-weight: 400;\"> da anonimiza\u00e7\u00e3o, bloqueio ou elimina\u00e7\u00e3o de dados desnecess\u00e1rios, excessivos ou tratados em desconformidade com o disposto nesta Lei;<\/span><\/li>\n<li><span style=\"font-weight: 400;\"> da portabilidade dos dados a outro fornecedor de servi\u00e7o ou produto, mediante requisi\u00e7\u00e3o expressa, de acordo com a regulamenta\u00e7\u00e3o da autoridade nacional, observados os segredos comercial e industrial;<\/span><\/li>\n<li><span style=\"font-weight: 400;\"> da elimina\u00e7\u00e3o dos dados pessoais tratados com o consentimento do titular, exceto nas hip\u00f3teses previstas no art. 16 desta Lei;<\/span><\/li>\n<li><span style=\"font-weight: 400;\"> de informa\u00e7\u00e3o das entidades p\u00fablicas e privadas com as quais o controlador realizou uso compartilhado de dados;<\/span><\/li>\n<li><span style=\"font-weight: 400;\"> de informa\u00e7\u00e3o sobre a possibilidade de n\u00e3o fornecer consentimento e sobre as consequ\u00eancias da negativa;<\/span><\/li>\n<li><span style=\"font-weight: 400;\"> de revoga\u00e7\u00e3o do consentimento.<\/span><\/li>\n<\/ul>\n<p><span style=\"font-weight: 400;\">Na pr\u00e1tica, isso significa que qualquer cidad\u00e3o poder\u00e1 questionar as empresas a respeito da maneira de como estas est\u00e3o tratando os dados pessoais. Se o titular se sentir lesado, poder\u00e1 recorrer judicialmente.\u00a0<\/span><\/p>\n<h3><\/h3>\n<h3><strong>Dados conservados sem consentimento<\/strong><\/h3>\n<p><span style=\"font-weight: 400;\">Vale lembrar que o art. 16 da Lei autoriza a conserva\u00e7\u00e3o dos dados pessoais \u2014 mesmo ap\u00f3s ser eliminado a pedidos do titular \u2014 para cumprir uma obriga\u00e7\u00e3o legal e\/ou regulat\u00f3ria, para um estudo de \u00f3rg\u00e3o de pesquisa, que garanta o anonimato; para transfer\u00eancia a terceiro, respeitando os requisitos legais e para uso exclusivo do controlador, desde que os dados sejam anonimizados. O consentimento do uso dos dados \u00e9 obtido previamente por meio de <\/span><a href=\"https:\/\/comunique-se.com.br\/blog\/blog\/lgpd-bases-legais\/\" target=\"_blank\" rel=\"noopener\"><span style=\"font-weight: 400;\">bases legais<\/span><\/a><span style=\"font-weight: 400;\">, que s\u00e3o previstas na LGPD.<\/span><\/p>\n<h3><\/h3>\n<h3><strong>As penaliza\u00e7\u00f5es j\u00e1 podem acontecer<\/strong><\/h3>\n<p><span style=\"font-weight: 400;\">Outra quest\u00e3o importante \u00e9 que \u00f3rg\u00e3os que fazem defesa, como o caso do Procon e Minist\u00e9rio P\u00fablico, por exemplo, j\u00e1 poder\u00e3o ingressar judicialmente contra as empresas, exercendo o direito de peti\u00e7\u00e3o. E isso foi o que aconteceu no primeiro processo c\u00edvel da LGPD, quando o Minist\u00e9rio P\u00fablico do Distrito Federal entrou com uma a\u00e7\u00e3o contra uma empresa data broker, que vendia dados pessoais \u2014 algo que fere a Lei.<\/span><\/p>\n<p><span style=\"font-weight: 400;\">Perante a LGPD, o titular de dados \u00e9 tratado como a parte mais fr\u00e1gil da rela\u00e7\u00e3o. Ou seja, quem tem o dever de provar se a alega\u00e7\u00e3o feita pelo cidad\u00e3o \u00e9 procedente ou n\u00e3o, \u00e9 a empresa. Por isso, as companhias precisam mostrar, de forma clara, a sua adequa\u00e7\u00e3o e <\/span><span style=\"font-weight: 400;\">conformidade \u00e0 Lei.<\/span><\/p>\n<h3><\/h3>\n<h3><strong>San\u00e7\u00f5es administrativas e multas da LGPD<\/strong><\/h3>\n<p><span style=\"font-weight: 400;\">Mesmo que ainda n\u00e3o estejam valendo \u2014 com exce\u00e7\u00e3o de processos oriundos de \u00f3rg\u00e3os p\u00fablicos \u2014, \u00e9 preciso estar atento para evitar as penaliza\u00e7\u00f5es da Lei. As san\u00e7\u00f5es administrativas est\u00e3o previstas no Art. 52\u00ba da LGPD. As infra\u00e7\u00f5es est\u00e3o sujeitas \u00e0s seguintes puni\u00e7\u00f5es:<\/span><\/p>\n<p><span style=\"font-weight: 400;\">I &#8211; advert\u00eancia, com indica\u00e7\u00e3o de prazo para ado\u00e7\u00e3o de medidas corretivas;<\/span><\/p>\n<p><span style=\"font-weight: 400;\">II &#8211; multa simples, de at\u00e9 2% (dois por cento) do faturamento da pessoa jur\u00eddica <\/span><span style=\"font-weight: 400;\">de direito privado, grupo ou conglomerado no Brasil no seu \u00faltimo exerc\u00edcio,<\/span><\/p>\n<p><span style=\"font-weight: 400;\">exclu\u00eddos os tributos, limitada, no total, a R$ 50.000.000,00 (cinquenta milh\u00f5es <\/span><span style=\"font-weight: 400;\">de reais) por infra\u00e7\u00e3o;<\/span><\/p>\n<p><span style=\"font-weight: 400;\">III &#8211; multa di\u00e1ria, observado o limite total a que se refere o inciso II;<\/span><\/p>\n<p><span style=\"font-weight: 400;\">IV &#8211; publiciza\u00e7\u00e3o da infra\u00e7\u00e3o ap\u00f3s devidamente apurada e confirmada a sua <\/span><span style=\"font-weight: 400;\">ocorr\u00eancia;<\/span><\/p>\n<p><span style=\"font-weight: 400;\">V &#8211; bloqueio dos dados pessoais a que se refere a infra\u00e7\u00e3o at\u00e9 a sua <\/span><span style=\"font-weight: 400;\">regulariza\u00e7\u00e3o;<\/span><\/p>\n<p><span style=\"font-weight: 400;\">VI &#8211; elimina\u00e7\u00e3o dos dados pessoais a que se refere a infra\u00e7\u00e3o; suspens\u00e3o parcial <\/span><span style=\"font-weight: 400;\">do funcionamento do banco de dados a que se refere a infra\u00e7\u00e3o pelo per\u00edodo <\/span><span style=\"font-weight: 400;\">m\u00e1ximo de 6 (seis) meses, prorrog\u00e1vel por igual per\u00edodo, at\u00e9 a regulariza\u00e7\u00e3o da <\/span><span style=\"font-weight: 400;\">atividade de tratamento pelo controlador;<\/span><\/p>\n<p><span style=\"font-weight: 400;\">XI &#8211; suspens\u00e3o do exerc\u00edcio da atividade de tratamento dos dados pessoais a <\/span><span style=\"font-weight: 400;\">que se refere a infra\u00e7\u00e3o pelo per\u00edodo m\u00e1ximo de 6 (seis) meses, prorrog\u00e1vel <\/span><span style=\"font-weight: 400;\">por igual per\u00edodo;<\/span><\/p>\n<p><span style=\"font-weight: 400;\">XII &#8211; proibi\u00e7\u00e3o parcial ou total do exerc\u00edcio de atividades relacionadas a <\/span><span style=\"font-weight: 400;\">tratamento de dados.<\/span><\/p>\n<p><span style=\"font-weight: 400;\">Os incisos VII, VIII, IX e X foram vetados.<\/span><\/p>\n<p><span style=\"font-weight: 400;\">As empresas que descumprirem a Lei ter\u00e3o de cumprir alguma das penaliza\u00e7\u00f5es citadas anteriormente. As san\u00e7\u00f5es s\u00f3 come\u00e7am em agosto de 2021, mas \u00e9 preciso estar atento.<\/span><\/p>\n<h2 style=\"text-align: center;\">Quer se aprofundar ainda mais sobre a LGPD na comunica\u00e7\u00e3o? Clique na imagem abaixo e baixe gratuitamente o E-book &#8220;Adequa\u00e7\u00e3o \u00e0 LGPD no setor de comunica\u00e7\u00e3o&#8221;.<\/h2>\n<p><a href=\"https:\/\/comunique-se.com.br\/blog\/ebook-lgpd\/\" target=\"_blank\" rel=\"noopener\"><img loading=\"lazy\" decoding=\"async\" class=\" wp-image-14125 aligncenter\" src=\"https:\/\/comunique-se.com.br\/blog\/wp-content\/uploads\/2021\/01\/LGPD_feed-compressed-1024x1024.jpg\" alt=\"\" width=\"322\" height=\"323\" srcset=\"https:\/\/comunique-se.com.br\/blog\/wp-content\/uploads\/2021\/01\/LGPD_feed-compressed-1024x1024.jpg 1024w, https:\/\/comunique-se.com.br\/blog\/wp-content\/uploads\/2021\/01\/LGPD_feed-compressed-300x300.jpg 300w, https:\/\/comunique-se.com.br\/blog\/wp-content\/uploads\/2021\/01\/LGPD_feed-compressed-150x150.jpg 150w, https:\/\/comunique-se.com.br\/blog\/wp-content\/uploads\/2021\/01\/LGPD_feed-compressed-768x768.jpg 768w, https:\/\/comunique-se.com.br\/blog\/wp-content\/uploads\/2021\/01\/LGPD_feed-compressed.jpg 1080w\" sizes=\"auto, (max-width: 322px) 100vw, 322px\" \/><\/a><\/p>\n<h3><\/h3>\n<h3><strong>O que n\u00e3o deve ser feito<\/strong><\/h3>\n<p><span style=\"font-weight: 400;\">Quando h\u00e1 algo novo, como a LGPD, leva-se tempo at\u00e9 a adapta\u00e7\u00e3o. No entanto, como a Lei j\u00e1 est\u00e1 em vig\u00eancia, esses erros podem ser penalizados. Por isso, listamos abaixo o<\/span><\/p>\n<p><span style=\"font-weight: 400;\">que voc\u00ea <\/span><b>N\u00c3O<\/b><span style=\"font-weight: 400;\"> deve fazer:<\/span><\/p>\n<ul>\n<li><b>Achar que a LGPD n\u00e3o se aplica a sua empresa, pois n\u00e3o tratam dados pessoais. <\/b>Isso \u00e9 um grande erro, pois toda e qualquer empresa faz o tratamento de dados pessoais;<\/li>\n<li><b>N\u00e3o mudar a pol\u00edtica de privacidade, pois j\u00e1 tinha uma antes. <\/b><span style=\"font-weight: 400;\">Tamb\u00e9m \u00e9 algo <\/span>equivocado, pois a Lei trouxe novas exig\u00eancias e a pol\u00edtica precisa ser adaptada para estar de acordo;<\/li>\n<li><b>Deixar de dedicar um profissional ao tratamento dos dados, principalmente os <\/b><b>sens\u00edveis.<\/b> Essa tarefa demanda muita aten\u00e7\u00e3o e o ideal \u00e9 que tenha um colaborador somente para cuidar dos dados pessoais que a sua empresa trata;<\/li>\n<li><b>Focar somente na parte t\u00e9cnica da lei.<\/b><span style=\"font-weight: 400;\"> N\u00e3o cabe somente ao time de TI adequar o <\/span>site ou as plataformas que sua empresa utiliza. \u00c9 preciso passar a todos os colaboradores, de forma did\u00e1tica, os impactos que a LGPD trouxe e os cuidados que a serem tomados;<\/li>\n<li><b> Acreditar que a adequa\u00e7\u00e3o \u00e0 Lei n\u00e3o \u00e9 necess\u00e1ria, pelo fato de sua empresa <\/b><b>investir em tecnologia moderna e segura.<\/b> A tecnologia auxilia na seguran\u00e7a dos dados, mas s\u00f3 ela n\u00e3o \u00e9 o suficiente. Sem um treinamento e orienta\u00e7\u00f5es apropriadas, podem acabar havendo brechas perante \u00e0 Lei.<\/li>\n<\/ul>\n<h3><\/h3>\n<h3><strong>Concluindo\u2026<\/strong><\/h3>\n<p><span style=\"font-weight: 400;\">Nos dias de hoje, coletar e tratar dados pessoais \u00e9 uma grande responsabilidade \u2014 ainda mais com a LGPD. Por isso, \u00e9 preciso ter transpar\u00eancia quando se decide desempenhar tais tarefas. As multas e san\u00e7\u00f5es administrativas podem chegar a puni\u00e7\u00f5es de valores altos e at\u00e9 mesmo impossibilitando de trabalhar com informa\u00e7\u00f5es pessoais, o que pode ser um grande preju\u00edzo para alguns tipos de neg\u00f3cios. Se adequando \u00e0 Lei, o combinado n\u00e3o sai caro.<\/span><\/p>\n<p style=\"text-align: center;\">\r\n\t\t<div id=\"cp_popup_id_13885\" class=\"cp-popup-container cp-popup-live-wrap cp_style_13885 cp-module-inline cpro-open \" data-style=\"cp_style_13885\" data-module-type=\"inline\" data-class-id=\"13885\" data-styleslug=\"cta-incontent-sala-de-imprensa-2-4-2-2\">\r\n\r\n\t\t\t\r\n\t\t\t<div class=\"cp-popup-wrapper cp-manual cp-popup-inline  \"  >\r\n\t\t\t\t<div class=\"cp-popup  cpro-animate-container \">\r\n\r\n\t\t\t\t\t\r\n\t\t\t\t<input type='hidden' class='panel-settings' data-style_id= '13885' data-section='configure' value='{&quot;show_for_logged_in&quot;:&quot;1&quot;,&quot;hide_on_device&quot;:&quot;&quot;}' ><input type='hidden' class='panel-rulesets' data-style_id= '13885' data-section='configure' value='[]' ><style id='cp_popup_style_13885' type='text\/css'>.cp_style_13885 .cp-popup-content {font-family:Verdana;font-style:Normal;font-weight:Normal;}.cp_style_13885 .cp-popup-content{ border-style:none;border-color:#e1e1e1;border-width:1px 1px 1px 1px;border-radius:3px 3px 3px 3px;mobile-breakpoint:767;}.cp_style_13885 #panel-1-13885 .cp-target:hover { }.cp_style_13885 #panel-1-13885 { }.cp_style_13885 .cp-popup-content { width:700px;height:250px;background-color:#fff;}@media ( max-width: 767px ) {.cp_style_13885 .cp-popup-content{ border-style:none;border-color:#e1e1e1;border-width:1px 1px 1px 1px;border-radius:3px 3px 3px 3px;mobile-breakpoint:767;}.cp_style_13885 #panel-1-13885 .cp-target:hover { }.cp_style_13885 #panel-1-13885 { }.cp_style_13885 .cp-popup-content { width:360px;height:400px;background-color:#fff;}}.cp_style_13885 .cp-popup .cpro-form .cp-form-input-field{ font-family:inherit;font-style:inherit;font-weight:inherit;text-transform:none;font-size:13px;letter-spacing:0;text-align:left;color:#666;background-color:#fff;border-style:solid;border-width:1px 1px 1px 1px;border-radius:1px 1px 1px 1px;border-color:#bbb;active-border-color:#666;padding:0px 10px 0px 10px;}.cp_style_13885 #form_field-13885 .cp-target:hover { }.cp_style_13885 #form_field-13885 placeholder { color:#666;}.cp_style_13885 .cp-popup .cpro-form .cp-form-input-field input[type='radio'], .cp_style_13885 .cp-popup .cpro-form .cp-form-input-field input[type='checkbox'] {color:#666;background-color:#fff;}.cp_style_13885 .cp-popup .cpro-form .cp-form-input-field:focus {border-color: #666;}.cp_style_13885 .cp-popup .cpro-form .cp-form-input-field::-webkit-input-placeholder {color:#666;}.cp_style_13885 .cp-popup .cpro-form .cp-form-input-field::-moz-placeholder  {color:#666;}.cp_style_13885 .cp-popup .cpro-form .pika-lendar table tbody button:hover { background :#666;}.cp_style_13885 .cp-popup .cpro-form .pika-lendar table tbody .is-selected .pika-button { background :#666;box-shadow : inset 0 1px 3px #666;}.cp_style_13885 #form_field-13885 { }@media ( max-width: 767px ) {.cp_style_13885 .cp-popup .cpro-form .cp-form-input-field{ font-family:inherit;font-style:inherit;font-weight:inherit;text-transform:none;font-size:13px;letter-spacing:0;text-align:left;color:#666;background-color:#fff;border-style:solid;border-width:1px 1px 1px 1px;border-radius:1px 1px 1px 1px;border-color:#bbb;active-border-color:#666;padding:0px 10px 0px 10px;}.cp_style_13885 #form_field-13885 .cp-target:hover { }.cp_style_13885 #form_field-13885 placeholder { color:#666;}.cp_style_13885 .cp-popup .cpro-form .cp-form-input-field input[type='radio'], .cp_style_13885 .cp-popup .cpro-form .cp-form-input-field input[type='checkbox'] {color:#666;background-color:#fff;}.cp_style_13885 .cp-popup .cpro-form .cp-form-input-field:focus {border-color: #666;}.cp_style_13885 .cp-popup .cpro-form .cp-form-input-field::-webkit-input-placeholder {color:#666;}.cp_style_13885 .cp-popup .cpro-form .cp-form-input-field::-moz-placeholder  {color:#666;}.cp_style_13885 .cp-popup .cpro-form .pika-lendar table tbody button:hover { background :#666;}.cp_style_13885 .cp-popup .cpro-form .pika-lendar table tbody .is-selected .pika-button { background :#666;box-shadow : inset 0 1px 3px #666;}.cp_style_13885 #form_field-13885 { }}.cp_style_13885 #cp_heading-2-13885 .cp-target { font-family:inherit;font-style:Bold;font-weight:Bold;font-size:19px;line-height:1.2;letter-spacing:0px;text-align:center;color:#f9762a;width:411px;height:160px;}.cp_style_13885 #cp_heading-2-13885 .cp-target:hover { }.cp_style_13885 #cp_heading-2-13885 .cp-rotate-wrap{ transform:rotate( 0deg);}.cp_style_13885 #cp_heading-2-13885 { left: 282.25px;top: 20px;z-index:2;}@media ( max-width: 767px ) {.cp_style_13885 #cp_heading-2-13885 .cp-target { font-family:inherit;font-style:Bold;font-weight:Bold;font-size:19px;line-height:1.2;letter-spacing:0px;text-align:center;color:#f9762a;width:411px;height:160px;}.cp_style_13885 #cp_heading-2-13885 .cp-target:hover { }.cp_style_13885 #cp_heading-2-13885 .cp-rotate-wrap{ transform:rotate( 0deg);}.cp_style_13885 #cp_heading-2-13885 { left: 282.25px;top: 20px;z-index:2;}}.cp_style_13885 #cp_paragraph-2-13885 .cp-target { font-family:inherit;font-style:Inherit;font-weight:Inherit;font-size:15px;line-height:1.6;letter-spacing:0px;text-align:center;color:#555;width:335px;height:93px;}.cp_style_13885 #cp_paragraph-2-13885 .cp-target:hover { }.cp_style_13885 #cp_paragraph-2-13885 .cp-rotate-wrap{ transform:rotate( 0deg);}.cp_style_13885 #cp_paragraph-2-13885 { left: 326px;top: 99.515625px;z-index:3;}@media ( max-width: 767px ) {.cp_style_13885 #cp_paragraph-2-13885 .cp-target { font-family:inherit;font-style:Inherit;font-weight:Inherit;font-size:15px;line-height:1.6;letter-spacing:0px;text-align:center;color:#555;width:335px;height:93px;}.cp_style_13885 #cp_paragraph-2-13885 .cp-target:hover { }.cp_style_13885 #cp_paragraph-2-13885 .cp-rotate-wrap{ transform:rotate( 0deg);}.cp_style_13885 #cp_paragraph-2-13885 { left: 326px;top: 99.515625px;z-index:3;}}.cp_style_13885 #cp_image-2-13885 .cp-target { width:250px;height:194px;}.cp_style_13885 #cp_image-2-13885 .cp-target:hover { }.cp_style_13885 #cp_image-2-13885 .cp-target { border-style:none;}.cp_style_13885 #cp_image-2-13885 .cp-target ~ .cp-field-shadow { border-style:none;}.cp_style_13885 #cp_image-2-13885 .cp-target { border-color:#757575;}.cp_style_13885 #cp_image-2-13885 .cp-target ~ .cp-field-shadow { border-color:#757575;}.cp_style_13885 #cp_image-2-13885 .cp-target { border-width:1px 1px 1px 1px;}.cp_style_13885 #cp_image-2-13885 .cp-target ~ .cp-field-shadow { border-width:1px 1px 1px 1px;}.cp_style_13885 #cp_image-2-13885 .cp-target { border-radius:0px 0px 0px 0px;}.cp_style_13885 #cp_image-2-13885 .cp-target ~ .cp-field-shadow { border-radius:0px 0px 0px 0px;}.cp_style_13885 #cp_image-2-13885 .cp-target > .cp-close-link { border-radius:0px 0px 0px 0px;}.cp_style_13885 #cp_image-2-13885 .cp-target > .cp-close-image { border-radius:0px 0px 0px 0px;}.cp_style_13885 #cp_image-2-13885 .cp-target { }.cp_style_13885 #cp_image-2-13885 .cp-target ~ .cp-field-shadow { }.cp_style_13885 #cp_image-2-13885 .cp-rotate-wrap{ transform:rotate( 0deg);}.cp_style_13885 #cp_image-2-13885 .cp-target:hover { }.cp_style_13885 #cp_image-2-13885 .cp-target:hover ~ .cp-field-shadow { }.cp_style_13885 #cp_image-2-13885 { left: 23px;top: 20px;z-index:4;}@media ( max-width: 767px ) {.cp_style_13885 #cp_image-2-13885 .cp-target { width:250px;height:194px;}.cp_style_13885 #cp_image-2-13885 .cp-target:hover { }.cp_style_13885 #cp_image-2-13885 .cp-target { border-style:none;}.cp_style_13885 #cp_image-2-13885 .cp-target ~ .cp-field-shadow { border-style:none;}.cp_style_13885 #cp_image-2-13885 .cp-target { border-color:#757575;}.cp_style_13885 #cp_image-2-13885 .cp-target ~ .cp-field-shadow { border-color:#757575;}.cp_style_13885 #cp_image-2-13885 .cp-target { border-width:1px 1px 1px 1px;}.cp_style_13885 #cp_image-2-13885 .cp-target ~ .cp-field-shadow { border-width:1px 1px 1px 1px;}.cp_style_13885 #cp_image-2-13885 .cp-target { border-radius:0px 0px 0px 0px;}.cp_style_13885 #cp_image-2-13885 .cp-target ~ .cp-field-shadow { border-radius:0px 0px 0px 0px;}.cp_style_13885 #cp_image-2-13885 .cp-target > .cp-close-link { border-radius:0px 0px 0px 0px;}.cp_style_13885 #cp_image-2-13885 .cp-target > .cp-close-image { border-radius:0px 0px 0px 0px;}.cp_style_13885 #cp_image-2-13885 .cp-target { }.cp_style_13885 #cp_image-2-13885 .cp-target ~ .cp-field-shadow { }.cp_style_13885 #cp_image-2-13885 .cp-rotate-wrap{ transform:rotate( 0deg);}.cp_style_13885 #cp_image-2-13885 .cp-target:hover { }.cp_style_13885 #cp_image-2-13885 .cp-target:hover ~ .cp-field-shadow { }.cp_style_13885 #cp_image-2-13885 { left: 23px;top: 20px;z-index:4;}}.cp_style_13885 #cp_button-2-13885 .cp-target { font-family:inherit;font-style:Bold;font-weight:Bold;font-size:19px;letter-spacing:0px;text-align:center;color:#ffffff;background:#ef8821;width:180px;height:50px;padding:0px 15px 0px 15px;}.cp_style_13885 #cp_button-2-13885 .cp-target:hover { color:#fff;background:#ea7d00;}.cp_style_13885 #cp_button-2-13885 .cp-target { border-style:none;}.cp_style_13885 #cp_button-2-13885 .cp-target ~ .cp-field-shadow { border-style:none;}.cp_style_13885 #cp_button-2-13885 .cp-target { border-color:#9B59B6;}.cp_style_13885 #cp_button-2-13885 .cp-target ~ .cp-field-shadow { border-color:#9B59B6;}.cp_style_13885 #cp_button-2-13885 .cp-target { border-width:2px 2px 2px 2px;}.cp_style_13885 #cp_button-2-13885 .cp-target ~ .cp-field-shadow { border-width:2px 2px 2px 2px;}.cp_style_13885 #cp_button-2-13885 .cp-target { border-radius:20px 20px 20px 20px;}.cp_style_13885 #cp_button-2-13885 .cp-target ~ .cp-field-shadow { border-radius:20px 20px 20px 20px;}.cp_style_13885 #cp_button-2-13885 .cp-target > .cp-close-link { border-radius:20px 20px 20px 20px;}.cp_style_13885 #cp_button-2-13885 .cp-target > .cp-close-image { border-radius:20px 20px 20px 20px;}.cp_style_13885 #cp_button-2-13885 .cp-target { }.cp_style_13885 #cp_button-2-13885 .cp-target ~ .cp-field-shadow { }.cp_style_13885 #cp_button-2-13885 .cp-rotate-wrap{ transform:rotate( 0deg);}.cp_style_13885 #cp_button-2-13885 .cp-target:hover { border-color:#8E44AD;}.cp_style_13885 #cp_button-2-13885 .cp-target:hover ~ .cp-field-shadow { border-color:#8E44AD;}.cp_style_13885 #cp_button-2-13885 { left: 414.7265625px;top: 191.5234375px;z-index:6;}@media ( max-width: 767px ) {.cp_style_13885 #cp_button-2-13885 .cp-target { font-family:inherit;font-style:Bold;font-weight:Bold;font-size:19px;letter-spacing:0px;text-align:center;color:#ffffff;background:#ef8821;width:180px;height:50px;padding:0px 15px 0px 15px;}.cp_style_13885 #cp_button-2-13885 .cp-target:hover { color:#fff;background:#ea7d00;}.cp_style_13885 #cp_button-2-13885 .cp-target { border-style:none;}.cp_style_13885 #cp_button-2-13885 .cp-target ~ .cp-field-shadow { border-style:none;}.cp_style_13885 #cp_button-2-13885 .cp-target { border-color:#9B59B6;}.cp_style_13885 #cp_button-2-13885 .cp-target ~ .cp-field-shadow { border-color:#9B59B6;}.cp_style_13885 #cp_button-2-13885 .cp-target { border-width:2px 2px 2px 2px;}.cp_style_13885 #cp_button-2-13885 .cp-target ~ .cp-field-shadow { border-width:2px 2px 2px 2px;}.cp_style_13885 #cp_button-2-13885 .cp-target { border-radius:20px 20px 20px 20px;}.cp_style_13885 #cp_button-2-13885 .cp-target ~ .cp-field-shadow { border-radius:20px 20px 20px 20px;}.cp_style_13885 #cp_button-2-13885 .cp-target > .cp-close-link { border-radius:20px 20px 20px 20px;}.cp_style_13885 #cp_button-2-13885 .cp-target > .cp-close-image { border-radius:20px 20px 20px 20px;}.cp_style_13885 #cp_button-2-13885 .cp-target { }.cp_style_13885 #cp_button-2-13885 .cp-target ~ .cp-field-shadow { }.cp_style_13885 #cp_button-2-13885 .cp-rotate-wrap{ transform:rotate( 0deg);}.cp_style_13885 #cp_button-2-13885 .cp-target:hover { border-color:#8E44AD;}.cp_style_13885 #cp_button-2-13885 .cp-target:hover ~ .cp-field-shadow { border-color:#8E44AD;}.cp_style_13885 #cp_button-2-13885 { left: 414.7265625px;top: 191.5234375px;z-index:6;}}@media ( max-width: 767px ) {.cp_style_13885 .cp-invisible-on-mobile {display: none !important;}}<\/style>\r\n\t\t\t\t\t<div class=\"cp-popup-content cpro-active-step  cp-inline    cp-middle  cp-panel-1\"   data-overlay-click =\"1\" data-title=\"CTA \u2013 360 geral\" data-module-type=\"inline\"  data-step=\"1\"  data-width=\"700\" data-mobile-width=\"360\" data-height=\"250\" data-mobile-height=\"400\" data-mobile-break-pt=\"767\" data-popup-position=\"middle\" data-mobile-responsive=\"yes\">\r\n\t\t\t\t\t\t\t\t\t\t\t\t\r\n\t\t\t\t\t<div class=\"cpro-form-container\">                             \r\n\t\t\t\t\t\t<div id=\"cp_heading-2-13885\" class=\"cp-field-html-data    cp-none cp_has_editor\" data-type=\"cp_heading\"      ><div class=\"cp-rotate-wrap\"><div class=\"cp-target cp-field-element cp-heading tinymce\"  name=\"cp_heading-2\"><p>Comunique-se 360: Tudo o que voc&ecirc; Precisa na comunica&ccedil;&atilde;o corporativa em um &Uacute;nico Lugar<\/p><\/div><\/div>\r\n<\/div><div id=\"cp_paragraph-2-13885\" class=\"cp-field-html-data    cp-none cp_has_editor\" data-type=\"cp_paragraph\" data-field-title=\"Paragraph\"      ><div class=\"cp-rotate-wrap\"><div class=\"cp-target cp-field-element cp-paragraph tinymce\"  name=\"{{name}}\"><p>Conhe&ccedil;a a nova plataforma de Comunica&ccedil;&atilde;o e marketing do Grupo Comunique-se. Solicite uma demonstra&ccedil;&atilde;o<\/p><\/div><\/div>\r\n<\/div><div id=\"cp_image-2-13885\" class=\"cp-field-html-data    cp-none cp-image-ratio\" data-type=\"cp_image\"  data-action=\"none\" data-step=\"1\"     >\r\n\t<div class=\"cp-rotate-wrap\">\r\n\t\t<div class=\"cp-image-main\"><img decoding=\"async\" data-cp-src=\"https:\/\/comunique-se.com.br\/blog\/wp-content\/uploads\/2018\/04\/Capa-Ebook-2.jpg\" class=\"cp-img-lazy cp-target cp-field-element cp-image\" name=\"cp_image-2\" alt=\"release\" src=\"\">\r\n\t\t\t<div class=\"cp-field-shadow\"><\/div>\r\n\t\t<\/div>\r\n\t\t\r\n\t<\/div>\r\n<\/div><div id=\"cp_button-2-13885\" class=\"cp-field-html-data   cp-none\" data-type=\"cp_button\"   data-action=\"goto_url\" data-step=\"1\"   data-redirect=\"https:\/\/comunique-se.com.br\/#formulario\" data-redirect-target=\"_blank\"    >\r\n\t<div class=\"cp-rotate-wrap\"><button type=\"button\" class=\" cp-target cp-field-element cp-button cp-button-field\"  data-success-message=\"Thank You for Subscribing!\" data-get-param=\"false\">SAIBA MAIS<\/button>\r\n\t<div class=\"cp-btn-tooltip\"><\/div>\r\n<\/div><\/div>\t\t\t\t\t\t\t<\/div>              \r\n\t\t\t\t\t\t\t\t\t\t\t\t\t\t\r\n\t\t\t\t\t\t<\/div><!-- .cp-popup-content -->\r\n\t\t\t\t\t\t      \r\n\t\t<input type=\"hidden\" name=\"param[date]\" value=\"04\/26\/2026\" \/>\r\n\t\t<input type='text' class='cpro-hp-field' name='cpro_hp_field_13885' value=''>\r\n\t\t<input type=\"hidden\" name=\"action\" value=\"cp_v2_notify_admin\" \/>\r\n\t\t<input type=\"hidden\" name=\"style_id\" value=\"13885\" \/>\r\n\t\t\t\t\t\t<\/div>\r\n\t\t\t\t\t\t\t<\/div><!-- .cp-popup-wrapper -->\r\n\t\t\t\r\n\t\t\t\t\t<\/div><!-- Modal popup container -->\r\n\t\t\t<\/p>\n","protected":false},"excerpt":{"rendered":"<p>As penaliza\u00e7\u00f5es da LGPD come\u00e7am em 2021. Conhe\u00e7a as principais multas e san\u00e7\u00f5es administrativas; e como evit\u00e1-las A Lei Geral de Prote\u00e7\u00e3o de Dados (LGPD) j\u00e1 est\u00e1 em vigor desde agosto de 2020. Suas penaliza\u00e7\u00f5es \u2014 multas e san\u00e7\u00f5es administrativas \u2014 ser\u00e3o aplicadas a partir de agosto de 2021. Todos os artigos da Lei j\u00e1&hellip;<\/p>\n","protected":false},"author":20,"featured_media":14124,"comment_status":"closed","ping_status":"open","sticky":false,"template":"","format":"standard","meta":{"footnotes":"","_links_to":"","_links_to_target":""},"categories":[5,3756],"tags":[],"yst_prominent_words":[],"class_list":["post-14121","post","type-post","status-publish","format-standard","has-post-thumbnail","hentry","category-comunicacao-corporativa","category-lgpd","category-5","category-3756","description-off"],"_links":{"self":[{"href":"https:\/\/comunique-se.com.br\/blog\/wp-json\/wp\/v2\/posts\/14121","targetHints":{"allow":["GET"]}}],"collection":[{"href":"https:\/\/comunique-se.com.br\/blog\/wp-json\/wp\/v2\/posts"}],"about":[{"href":"https:\/\/comunique-se.com.br\/blog\/wp-json\/wp\/v2\/types\/post"}],"author":[{"embeddable":true,"href":"https:\/\/comunique-se.com.br\/blog\/wp-json\/wp\/v2\/users\/20"}],"replies":[{"embeddable":true,"href":"https:\/\/comunique-se.com.br\/blog\/wp-json\/wp\/v2\/comments?post=14121"}],"version-history":[{"count":0,"href":"https:\/\/comunique-se.com.br\/blog\/wp-json\/wp\/v2\/posts\/14121\/revisions"}],"wp:featuredmedia":[{"embeddable":true,"href":"https:\/\/comunique-se.com.br\/blog\/wp-json\/wp\/v2\/media\/14124"}],"wp:attachment":[{"href":"https:\/\/comunique-se.com.br\/blog\/wp-json\/wp\/v2\/media?parent=14121"}],"wp:term":[{"taxonomy":"category","embeddable":true,"href":"https:\/\/comunique-se.com.br\/blog\/wp-json\/wp\/v2\/categories?post=14121"},{"taxonomy":"post_tag","embeddable":true,"href":"https:\/\/comunique-se.com.br\/blog\/wp-json\/wp\/v2\/tags?post=14121"},{"taxonomy":"yst_prominent_words","embeddable":true,"href":"https:\/\/comunique-se.com.br\/blog\/wp-json\/wp\/v2\/yst_prominent_words?post=14121"}],"curies":[{"name":"wp","href":"https:\/\/api.w.org\/{rel}","templated":true}]}}