{"id":11431,"date":"2019-11-18T15:09:07","date_gmt":"2019-11-18T17:09:07","guid":{"rendered":"https:\/\/comunique-se.com.br\/blog\/?p=11431"},"modified":"2019-11-27T10:56:48","modified_gmt":"2019-11-27T13:56:48","slug":"comunicacao-corporativa-premio-comuniquese","status":"publish","type":"post","link":"https:\/\/comunique-se.com.br\/blog\/comunicacao-corporativa-premio-comuniquese\/","title":{"rendered":"Comunica\u00e7\u00e3o corporativa \u00e9 destaque no Pr\u00eamio Comunique-se"},"content":{"rendered":"<p><span style=\"font-weight: 400;\">A rela\u00e7\u00e3o entre os mundos da <strong>comunica\u00e7\u00e3o corporativa<\/strong> e do jornalismo \u00e9 de longa data. Por um lado, jornalistas de reda\u00e7\u00e3o desejam receber sugest\u00f5es de pautas. Por outro, ag\u00eancias e assessores de imprensa produzem conte\u00fado justamente para emplacar <\/span><i><span style=\"font-weight: 400;\">releases<\/span><\/i><span style=\"font-weight: 400;\"> sobre clientes na m\u00eddia.\u00a0<\/span><\/p>\n<p><span style=\"font-weight: 400;\">O interesse entre as partes acabam convergindo em via de m\u00e3o dupla. Na pr\u00e1tica, ambas fun\u00e7\u00f5es trabalham incansavelmente, a fim de levar a sociedade not\u00edcias sobretudo de interesse p\u00fablico \u2014 como mandar o figurino.\u00a0<\/span><\/p>\n<h3><b>Pr\u00eamio Comunique-se\u00a0<\/b><\/h3>\n<p><span style=\"font-weight: 400;\">Levando em considera\u00e7\u00e3o a forte liga\u00e7\u00e3o e, principalmente, as similaridades operacionais entre as profiss\u00f5es, o segmento de comunica\u00e7\u00e3o corporativa n\u00e3o poderia ficar de fora do <a href=\"https:\/\/comunique-se.com.br\/blog\/blog\/premio-comunique-se-oscar-do-jornalismo\/\" target=\"_blank\" rel=\"noopener noreferrer\">Pr\u00eamio Comunique-se<\/a>. Afinal, n\u00e3o h\u00e1 como pensar em jornalismo sem rela\u00e7\u00f5es p\u00fablicas.\u00a0<\/span><\/p>\n<p><span style=\"font-weight: 400;\">Por isso que desde a cria\u00e7\u00e3o do evento, em 2003, a maior premia\u00e7\u00e3o do jornalismo nacional na atualidade mant\u00e9m em seu repert\u00f3rio uma categoria exclusiva para reconhecer os melhores profissionais e as melhores ag\u00eancias anualmente. Trazendo, assim, visibilidade e credibilidade ao nicho de mercado.\u00a0<\/span><\/p>\n<h3><b>Categoria: comunica\u00e7\u00e3o corporativa\u00a0<\/b><\/h3>\n<p><span style=\"font-weight: 400;\">\u00a0A categoria denominada oficialmente de \u201cComunica\u00e7\u00e3o\u201d premia a classe em duas vertentes de atua\u00e7\u00e3o. De um lado, a disputa para levar o trof\u00e9u fica por conta das ag\u00eancias de comunica\u00e7\u00e3o. Enquanto na outra ponta, a corrida pelo t\u00edtulo acontece entre profissionais do segmento.<\/span><\/p>\n<p><span style=\"font-weight: 400;\">Na subcategoria que premia as ag\u00eancias, participam empresas legalmente constitu\u00edda respons\u00e1vel pela presta\u00e7\u00e3o de servi\u00e7os de assessoria de imprensa a terceiros. Entre os profissionais, apenas aqueles que atuam em departamentos de comunica\u00e7\u00e3o de empresas sediadas no Brasil e que se destacam no relacionamento com a imprensa nacional.<\/span><\/p>\n<p><span style=\"font-weight: 400;\">A participa\u00e7\u00e3o anual da categoria no \u201cOscar do Jornalismo\u201d \u2014 e agora, por que n\u00e3o, tamb\u00e9m da comunica\u00e7\u00e3o corporativa \u2014 contribui significativamente para elevar o n\u00edvel de trabalho do segmento no geral. Afinal, a disputa saud\u00e1vel que ocorre em cada edi\u00e7\u00e3o entre os concorrentes torna o trabalho ainda melhor.<\/span><\/p>\n<h3><b>T\u00edtulos entre as ag\u00eancias<\/b><\/h3>\n<p><span style=\"font-weight: 400;\">A disputa que ocorre h\u00e1 17 anos entre as ag\u00eancias de comunica\u00e7\u00e3o \u00e9 extremamente acirrada. H\u00e1 um seleto grupo que faz parte da galeria de \u201cMestres de Comunica\u00e7\u00e3o\u201d. Para fazer parte da lista, profissionais da imprensa e ag\u00eancias de comunica\u00e7\u00e3o precisam conquistar tr\u00eas vit\u00f3rias consecutivas numa mesma categoria, nos anos em que estiverem<\/span><\/p>\n<p><span style=\"font-weight: 400;\">habilitados a concorrer, ou cinco vit\u00f3rias, tamb\u00e9m numa mesma categoria, em anos aleat\u00f3rios.<\/span><\/p>\n<p>&nbsp;<\/p>\n<p style=\"text-align: center;\">\r\n\t\t<div id=\"cp_popup_id_11102\" class=\"cp-popup-container cp-popup-live-wrap cp_style_11102 cp-module-inline cpro-open \" data-style=\"cp_style_11102\" data-module-type=\"inline\" data-class-id=\"11102\" data-styleslug=\"cta-incontent-sala-de-imprensa-3\">\r\n\r\n\t\t\t\r\n\t\t\t<div class=\"cp-popup-wrapper cp-manual cp-popup-inline  \"  >\r\n\t\t\t\t<!--- CP Popup Start -->\r\n\t\t\t\t<div class=\"cp-popup  cpro-animate-container \">\r\n\r\n\t\t\t\t\t\r\n\t\t\t\t<input type='hidden' class='panel-settings' data-style_id= '11102' data-section='configure' value='{\"show_for_logged_in\":\"1\",\"hide_on_device\":\"\"}' ><input type='hidden' class='panel-rulesets' data-style_id= '11102' data-section='configure' value='[]' ><input type='hidden'  id='cp_after_content_scroll' value='50' ><style id='cp_popup_style_11102' type='text\/css'>.cp_style_11102 .cp-popup-content {font-family:Lato;font-weight:Normal;}.cp_style_11102 .cp-popup-content{ border-style:none;border-color:#e1e1e1;border-width:1px 1px 1px 1px;border-radius:3px 3px 3px 3px;mobile-breakpoint:767;}.cp_style_11102 #panel-1-11102 .cp-target:hover { }.cp_style_11102 #panel-1-11102 { }.cp_style_11102 .cp-popup-content { width:700px;height:250px;background-color:#fff;}.cp_style_11102 .cp-popup .cpro-form .cp-form-input-field{ font-family:inherit;font-weight:inherit;text-transform:none;font-size:13px;letter-spacing:0;text-align:left;color:#666;background-color:#fff;border-style:solid;border-width:1px 1px 1px 1px;border-radius:1px 1px 1px 1px;border-color:#bbb;active-border-color:#666;padding:0px 10px 0px 10px;}.cp_style_11102 #form_field-11102 .cp-target:hover { }.cp_style_11102 #form_field-11102 placeholder { color:#666;}.cp_style_11102 .cp-popup .cpro-form .cp-form-input-field input[type='radio'], .cp_style_11102 .cp-popup .cpro-form .cp-form-input-field input[type='checkbox'] {color:#666;background-color:#fff;}.cp_style_11102 .cp-popup .cpro-form .cp-form-input-field:focus {border-color: #666;}.cp_style_11102 .cp-popup .cpro-form .cp-form-input-field::-webkit-input-placeholder {color:#666;}.cp_style_11102 .cp-popup .cpro-form .cp-form-input-field::-moz-placeholder  {color:#666;}.cp_style_11102 .cp-popup .cpro-form .pika-lendar table tbody button:hover { background :#666;}.cp_style_11102 .cp-popup .cpro-form .pika-lendar table tbody .is-selected .pika-button { background :#666;box-shadow : inset 0 1px 3px #666;}.cp_style_11102 #form_field-11102 { }.cp_style_11102 #cp_heading-2-11102 .cp-target { font-family:inherit;font-weight:Bold;font-size:21px;line-height:1.2;letter-spacing:0px;text-align:center;color:#f9762a;width:323px;height:50px;}.cp_style_11102 #cp_heading-2-11102 .cp-target:hover { }.cp_style_11102 #cp_heading-2-11102 .cp-rotate-wrap{ transform:rotate( 0deg);}.cp_style_11102 #cp_heading-2-11102 { left: 333.5px;top: 12px;z-index:2;}.cp_style_11102 #cp_paragraph-2-11102 .cp-target { font-family:inherit;font-weight:Inherit;font-size:14px;line-height:1.6;letter-spacing:0px;text-align:center;color:#555;width:335px;height:110px;}.cp_style_11102 #cp_paragraph-2-11102 .cp-target:hover { }.cp_style_11102 #cp_paragraph-2-11102 .cp-rotate-wrap{ transform:rotate( 0deg);}.cp_style_11102 #cp_paragraph-2-11102 { left: 343.5px;top: 84.46875px;z-index:3;}.cp_style_11102 #cp_image-2-11102 .cp-target { width:294px;height:153px;}.cp_style_11102 #cp_image-2-11102 .cp-target:hover { }.cp_style_11102 #cp_image-2-11102 .cp-target { border-style:none;}.cp_style_11102 #cp_image-2-11102 .cp-target ~ .cp-field-shadow { border-style:none;}.cp_style_11102 #cp_image-2-11102 .cp-target { border-color:#757575;}.cp_style_11102 #cp_image-2-11102 .cp-target ~ .cp-field-shadow { border-color:#757575;}.cp_style_11102 #cp_image-2-11102 .cp-target { border-width:1px 1px 1px 1px;}.cp_style_11102 #cp_image-2-11102 .cp-target ~ .cp-field-shadow { border-width:1px 1px 1px 1px;}.cp_style_11102 #cp_image-2-11102 .cp-target { border-radius:0px 0px 0px 0px;}.cp_style_11102 #cp_image-2-11102 .cp-target ~ .cp-field-shadow { border-radius:0px 0px 0px 0px;}.cp_style_11102 #cp_image-2-11102 .cp-target > .cp-close-link { border-radius:0px 0px 0px 0px;}.cp_style_11102 #cp_image-2-11102 .cp-target > .cp-close-image { border-radius:0px 0px 0px 0px;}.cp_style_11102 #cp_image-2-11102 .cp-target { }.cp_style_11102 #cp_image-2-11102 .cp-target ~ .cp-field-shadow { }.cp_style_11102 #cp_image-2-11102 .cp-rotate-wrap{ transform:rotate( 0deg);}.cp_style_11102 #cp_image-2-11102 .cp-target:hover { }.cp_style_11102 #cp_image-2-11102 .cp-target:hover ~ .cp-field-shadow { }.cp_style_11102 #cp_image-2-11102 { left: 16.234375px;top: 32.984375px;z-index:4;}.cp_style_11102 #cp_button-2-11102 .cp-target { font-family:inherit;font-weight:Bold;font-size:19px;letter-spacing:0px;text-align:center;color:#ffffff;background:#1c9bc9;width:180px;height:50px;padding:0px 15px 0px 15px;}.cp_style_11102 #cp_button-2-11102 .cp-target:hover { color:#fff;background:#ea820b;}.cp_style_11102 #cp_button-2-11102 .cp-target { border-style:none;}.cp_style_11102 #cp_button-2-11102 .cp-target ~ .cp-field-shadow { border-style:none;}.cp_style_11102 #cp_button-2-11102 .cp-target { border-color:#9B59B6;}.cp_style_11102 #cp_button-2-11102 .cp-target ~ .cp-field-shadow { border-color:#9B59B6;}.cp_style_11102 #cp_button-2-11102 .cp-target { border-width:2px 2px 2px 2px;}.cp_style_11102 #cp_button-2-11102 .cp-target ~ .cp-field-shadow { border-width:2px 2px 2px 2px;}.cp_style_11102 #cp_button-2-11102 .cp-target { border-radius:20px 20px 20px 20px;}.cp_style_11102 #cp_button-2-11102 .cp-target ~ .cp-field-shadow { border-radius:20px 20px 20px 20px;}.cp_style_11102 #cp_button-2-11102 .cp-target > .cp-close-link { border-radius:20px 20px 20px 20px;}.cp_style_11102 #cp_button-2-11102 .cp-target > .cp-close-image { border-radius:20px 20px 20px 20px;}.cp_style_11102 #cp_button-2-11102 .cp-target { }.cp_style_11102 #cp_button-2-11102 .cp-target ~ .cp-field-shadow { }.cp_style_11102 #cp_button-2-11102 .cp-rotate-wrap{ transform:rotate( 0deg);}.cp_style_11102 #cp_button-2-11102 .cp-target:hover { border-color:#8E44AD;}.cp_style_11102 #cp_button-2-11102 .cp-target:hover ~ .cp-field-shadow { border-color:#8E44AD;}.cp_style_11102 #cp_button-2-11102 { left: 409.25px;top: 205.53125px;z-index:6;}<\/style>\r\n\t\t\t\t\t<div class=\"cp-popup-content cpro-active-step  cp-inline    cp-middle  cp-panel-1\"   data-overlay-click =\"1\" data-title=\"Pr\u00eamio Comunique-se: Patroc\u00ednio\" data-module-type=\"inline\"  data-step=\"1\"  data-width=\"700\" data-mobile-width=\"360\" data-height=\"250\" data-mobile-height=\"400\" data-mobile-break-pt=\"767\" data-popup-position=\"middle\" data-mobile-responsive=\"no\">\r\n\t\t\t\t\t\t\t\t\t\t\r\n\t\t\t\t\t<div class=\"cpro-form-container\">                             \r\n\t\t\t\t\t\t<div id=\"cp_heading-2-11102\" class=\"cp-field-html-data    cp-none cp_has_editor\" data-type=\"cp_heading\"      ><div class=\"cp-rotate-wrap\"><div class=\"cp-target cp-field-element cp-heading tinymce\"  name=\"cp_heading-2\"><p>O Alcance da sua marca ainda maior com o Oscar do Jornalismo<\/p><\/div><\/div>\r\n<\/div><div id=\"cp_paragraph-2-11102\" class=\"cp-field-html-data    cp-none cp_has_editor\" data-type=\"cp_paragraph\" data-field-title=\"Paragraph\"      ><div class=\"cp-rotate-wrap\"><div class=\"cp-target cp-field-element cp-paragraph tinymce\"  name=\"{{name}}\"><p>O Pr&ecirc;mio Comunique-se &eacute; o maior evento de relacionamento com os formadores de opini&atilde;o no Brasil.&nbsp; Se a sua marca apoia o bom jornalismo e a liberdade de imprensa, veja como patrocinar a festa da imprensa nacional.<\/p><\/div><\/div>\r\n<\/div><div id=\"cp_image-2-11102\" class=\"cp-field-html-data    cp-none cp-image-ratio\" data-type=\"cp_image\"  data-action=\"none\" data-step=\"1\"     >\r\n\t<div class=\"cp-rotate-wrap\">\r\n\t\t<div class=\"cp-image-main\"><img decoding=\"async\" data-cp-src=\"https:\/\/comunique-se.com.br\/blog\/wp-content\/uploads\/2019\/11\/Pr\u00eamio-Comunique-se.-Oscar-do-Jornalismo-Brasileiro.png\" class=\"cp-img-lazy cp-target cp-field-element cp-image\" name=\"cp_image-2\" alt=\"Pr\u00eamio Comunique-se o Oscar do Jornalismo\" src=\"\">\r\n\t\t\t<div class=\"cp-field-shadow\"><\/div>\r\n\t\t<\/div>\r\n\t\t\r\n\t<\/div>\r\n<\/div><div id=\"cp_button-2-11102\" class=\"cp-field-html-data   cp-none\" data-type=\"cp_button\"   data-action=\"goto_url\" data-step=\"1\"   data-redirect=\"https:\/\/premio.comunique-se.com.br\/Show.aspx?idCanal=HtVehrmYTHkeTon7oVmjTA==&#038;idMateria=kk3CHyAigrxMffqSeqSytA==\" data-redirect-target=\"_blank\"    >\r\n\t<div class=\"cp-rotate-wrap\"><button type=\"button\" class=\" cp-target cp-field-element cp-button cp-button-field\"  data-success-message=\"Thank You for Subscribing!\" data-get-param=\"false\">SAIBA MAIS<\/button>\r\n\t<div class=\"cp-btn-tooltip\"><\/div>\r\n<\/div><\/div>\t\t\t\t\t\t\t<\/div>              \r\n\t\t\t\t\t\t\t\t\t\t\t\t\t\t\r\n\t\t\t\t\t\t<\/div><!-- .cp-popup-content -->\r\n\t\t\t\t\t      \r\n\t\t<input type=\"hidden\" name=\"param[date]\" value=\"04\/28\/2026\" \/>\r\n\t\t<input type='text' class='cpro-hp-field' name='cpro_hp_field_11102' value=''>\r\n\t\t<input type=\"hidden\" name=\"action\" value=\"cp_v2_notify_admin\" \/>\r\n\t\t<input type=\"hidden\" name=\"style_id\" value=\"11102\" \/>\r\n\t\t\t\t\t\t<\/div>\r\n\t\t\t\t\r\n\t\t\t<\/div><!-- .cp-popup-wrapper -->\r\n\t\t\t\r\n\t\t\t\t\t<\/div><!-- Modal popup container -->\r\n\t\t\t<\/p>\n<p>&nbsp;<\/p>\n<p><span style=\"font-weight: 400;\">Dividem o p\u00f3dio e, claro, o posto de mestres da comunica\u00e7\u00e3o as ag\u00eancias CDN e Grupo M\u00e1quina (com quatro conquistas). Approach Comunica\u00e7\u00e3o e In Press Porter Novelli (com tr\u00eas conquistas). Fechando o posto, as ag\u00eancias S2Publicom e Textual possuem um t\u00edtulo da categoria, sendo a \u00faltima a atual campe\u00e3.\u00a0<\/span><\/p>\n<h3><b>T\u00edtulos da categoria entre os profissionais<\/b><\/h3>\n<p><span style=\"font-weight: 400;\">Entre os profissionais de comunica\u00e7\u00e3o corporativa a lista \u00e9 bem ampla e variada. Rodolfo Witzig Guttilla \u00e9 o maior vencedor com tr\u00eas conquistas, carregando o t\u00edtulo de \u201cMestre da Comunica\u00e7\u00e3o\u201d. O profissional\u00a0 \u00e9 o \u00fanico a levar o trof\u00e9u da categoria mais de uma vez. Na \u00e9poca, tornou-se mestre em 2010, quando estava \u00e0 frente do departamento de comunica\u00e7\u00e3o da Natura.\u00a0<\/span><\/p>\n<p>&nbsp;<\/p>\n<p><span style=\"font-weight: 400;\">Fechando a lista dos profissionais que j\u00e1 foram premiados em edi\u00e7\u00f5es anteriores est\u00e3o: Mauricio Bacellar, Rosana Dias, Rodrigo Paiva, M\u00e1rcia Magno, Fernando Thompson. J\u00f4 Elias, Felix Ximenez, Camila Fusco, Renato Mendes, Eduardo Pugnali, Fabio Sabba, Adriana Lutfi, Leonardo Stamillo e Diego Vi\u00f1as &#8212; atual vencedor da subcategoria. <\/span><\/p>\n<h3><b>Vencedores da \u00faltima edi\u00e7\u00e3o\u00a0<\/b><\/h3>\n<p><span style=\"font-weight: 400;\">A \u00faltima edi\u00e7\u00e3o do Pr\u00eamio Comunique-se ultrapassou a barreira de 1 milh\u00e3o de votos somando as tr\u00eas fases de vota\u00e7\u00e3o. A grande participa\u00e7\u00e3o do p\u00fablico e, obviamente da comunidade de jornalistas, ajudou a escolher os atuais vencedores. A alta audi\u00eancia fortalece e muito o setor de comunica\u00e7\u00e3o corporativa e contribui para reconhecer o trabalho das ag\u00eancias e dos profissionais do setor.<\/span><\/p>\n<h4><b>Ag\u00eancias<\/b><\/h4>\n<p><span style=\"font-weight: 400;\">O p\u00f3dio de finalistas das ag\u00eancias de comunica\u00e7\u00e3o do Pr\u00eamio Comunique-se 2019 estava formado por empresas renomadas do segmento. In Press Porter Novelli, FSB e Textual chegaram a grande final do com bastante emo\u00e7\u00e3o e ansiedade pela decis\u00e3o. E, pela primeira vez na hist\u00f3ria da premia\u00e7\u00e3o, Cid Moreira &#8212; voz oficial do evento &#8212; chamou ao palco a vencedora da edi\u00e7\u00e3o, a Textual Comunica\u00e7\u00e3o.\u00a0<\/span><\/p>\n<p><span style=\"font-weight: 400;\">\u201cQuando criei a Textual, acreditava que era poss\u00edvel fazer conte\u00fado de qualidade do lado de c\u00e1 do balc\u00e3o [se referindo ao paralelo entre jornalismo de reda\u00e7\u00e3o e assessoria de imprensa] e esse pr\u00eamio indica que essa cren\u00e7a deu certo\u201d, enfatiza Carina Almeida, CEO e Fundadora da <a href=\"https:\/\/textual.com.br\/\" target=\"_blank\" rel=\"noopener noreferrer\">Textual Comunica\u00e7\u00e3o<\/a>.<\/span><\/p>\n<p>&nbsp;<\/p>\n<p><img loading=\"lazy\" decoding=\"async\" class=\"alignnone wp-image-11433 size-full\" src=\"https:\/\/comunique-se.com.br\/blog\/wp-content\/uploads\/2019\/11\/Textual-Comunica\u00e7\u00e3o.jpg\" alt=\"Textual Comunica\u00e7\u00e3o\" width=\"912\" height=\"608\" srcset=\"https:\/\/comunique-se.com.br\/blog\/wp-content\/uploads\/2019\/11\/Textual-Comunica\u00e7\u00e3o.jpg 912w, https:\/\/comunique-se.com.br\/blog\/wp-content\/uploads\/2019\/11\/Textual-Comunica\u00e7\u00e3o-300x200.jpg 300w, https:\/\/comunique-se.com.br\/blog\/wp-content\/uploads\/2019\/11\/Textual-Comunica\u00e7\u00e3o-768x512.jpg 768w\" sizes=\"auto, (max-width: 912px) 100vw, 912px\" \/><\/p>\n<h4><b>Profissionais<\/b><\/h4>\n<p><span style=\"font-weight: 400;\">O p\u00f3dio de finalistas dos profissionais de comunica\u00e7\u00e3o corporativa estava formado por nomes renomados no mercado e conhecidos por colegas de reda\u00e7\u00e3o. Curiosamente, o trio de finalistas estava formado por estreantes na categoria da premia\u00e7\u00e3o.<\/span><\/p>\n<p><span style=\"font-weight: 400;\">A disputa na final\u00edssima estava entre Diego Vi\u00f1as, assessor de imprensa do <a href=\"https:\/\/www.reclameaqui.com.br\/\" target=\"_blank\" rel=\"noopener noreferrer\">Reclame Aqui<\/a>; Carolina Corrales, gerente de rela\u00e7\u00f5es p\u00fablicas da Samsung; e Marina Zveibil, da Amazon. Estreando com o p\u00e9 direito, Diego Vi\u00f1as foi o grande vencedor da vez.\u00a0<\/span><\/p>\n<p><span style=\"font-weight: 400;\">Ele n\u00e3o deixou de mencionar diante de centenas de jornalistas que o trabalho de assessoria de imprensa \u00e9&#8230; jornalismo. \u201cQuando sento no meu trabalho, pratico jornalismo. N\u00e3o tento vender o Reclame Aqui por goela abaixo das reda\u00e7\u00f5es. Vendo not\u00edcia de interesse p\u00fablico. Quanto mais jornalismo a gente fizer, melhor\u201d.<\/span><\/p>\n<p>&nbsp;<\/p>\n<h3><strong><img loading=\"lazy\" decoding=\"async\" class=\"alignnone wp-image-11434 size-full\" src=\"https:\/\/comunique-se.com.br\/blog\/wp-content\/uploads\/2019\/11\/Diego-Vi\u00f1as.jpg\" alt=\"Diego Vi\u00f1as\" width=\"912\" height=\"608\" srcset=\"https:\/\/comunique-se.com.br\/blog\/wp-content\/uploads\/2019\/11\/Diego-Vi\u00f1as.jpg 912w, https:\/\/comunique-se.com.br\/blog\/wp-content\/uploads\/2019\/11\/Diego-Vi\u00f1as-300x200.jpg 300w, https:\/\/comunique-se.com.br\/blog\/wp-content\/uploads\/2019\/11\/Diego-Vi\u00f1as-768x512.jpg 768w\" sizes=\"auto, (max-width: 912px) 100vw, 912px\" \/><\/strong><\/h3>\n<h3><strong>Conclus\u00e3o<\/strong><\/h3>\n<p>O Pr\u00eamio Comunique-se, busca em cada edi\u00e7\u00e3o reconhecer nacionalmente os melhores comunicadores do pa\u00eds. O espa\u00e7o reservado a categoria de &#8220;Comunica\u00e7\u00e3o&#8221; \u00e9 extremamente importante ao segmento. Tanto no \u00e2mbito da valoriza\u00e7\u00e3o e reconhecimento do trabalho em si, quanto em rela\u00e7\u00e3o a visibilidade e exposi\u00e7\u00e3o que o &#8220;Oscar do Jornalismo Brasileiro&#8221; possui.<\/p>\n<p>O evento al\u00e9m de ser reconhecido e respeitado pela comunidade de jornalistas de reda\u00e7\u00e3o, alcan\u00e7ou um patamar ainda maior. Atingiu o p\u00fablico geral. E, tal participa\u00e7\u00e3o ativa de quem consome o conte\u00fado \u00e9 fundamental para democratizar o voto. Al\u00e9m, claro, de aumentar a audi\u00eancia da festa nacional da comunica\u00e7\u00e3o.<\/p>\n","protected":false},"excerpt":{"rendered":"<p>A rela\u00e7\u00e3o entre os mundos da comunica\u00e7\u00e3o corporativa e do jornalismo \u00e9 de longa data. Por um lado, jornalistas de reda\u00e7\u00e3o desejam receber sugest\u00f5es de pautas. Por outro, ag\u00eancias e assessores de imprensa produzem conte\u00fado justamente para emplacar releases sobre clientes na m\u00eddia.\u00a0 O interesse entre as partes acabam convergindo em via de m\u00e3o dupla.&hellip;<\/p>\n","protected":false},"author":20,"featured_media":12429,"comment_status":"closed","ping_status":"open","sticky":false,"template":"","format":"standard","meta":{"footnotes":"","_links_to":"","_links_to_target":""},"categories":[5],"tags":[],"yst_prominent_words":[],"class_list":["post-11431","post","type-post","status-publish","format-standard","has-post-thumbnail","hentry","category-comunicacao-corporativa","category-5","description-off"],"_links":{"self":[{"href":"https:\/\/comunique-se.com.br\/blog\/wp-json\/wp\/v2\/posts\/11431","targetHints":{"allow":["GET"]}}],"collection":[{"href":"https:\/\/comunique-se.com.br\/blog\/wp-json\/wp\/v2\/posts"}],"about":[{"href":"https:\/\/comunique-se.com.br\/blog\/wp-json\/wp\/v2\/types\/post"}],"author":[{"embeddable":true,"href":"https:\/\/comunique-se.com.br\/blog\/wp-json\/wp\/v2\/users\/20"}],"replies":[{"embeddable":true,"href":"https:\/\/comunique-se.com.br\/blog\/wp-json\/wp\/v2\/comments?post=11431"}],"version-history":[{"count":0,"href":"https:\/\/comunique-se.com.br\/blog\/wp-json\/wp\/v2\/posts\/11431\/revisions"}],"wp:featuredmedia":[{"embeddable":true,"href":"https:\/\/comunique-se.com.br\/blog\/wp-json\/wp\/v2\/media\/12429"}],"wp:attachment":[{"href":"https:\/\/comunique-se.com.br\/blog\/wp-json\/wp\/v2\/media?parent=11431"}],"wp:term":[{"taxonomy":"category","embeddable":true,"href":"https:\/\/comunique-se.com.br\/blog\/wp-json\/wp\/v2\/categories?post=11431"},{"taxonomy":"post_tag","embeddable":true,"href":"https:\/\/comunique-se.com.br\/blog\/wp-json\/wp\/v2\/tags?post=11431"},{"taxonomy":"yst_prominent_words","embeddable":true,"href":"https:\/\/comunique-se.com.br\/blog\/wp-json\/wp\/v2\/yst_prominent_words?post=11431"}],"curies":[{"name":"wp","href":"https:\/\/api.w.org\/{rel}","templated":true}]}}